{"id":4460,"date":"2026-03-26T12:01:49","date_gmt":"2026-03-26T15:01:49","guid":{"rendered":"https:\/\/snj.gov.py\/2023\/?p=4460"},"modified":"2026-03-26T12:40:28","modified_gmt":"2026-03-26T15:40:28","slug":"snj-abre-convocatoria-al-programa-de-fortalecimiento-de-liderazgo-democratico-para-las-nuevas-generaciones","status":"publish","type":"post","link":"https:\/\/snj.gov.py\/2023\/snj-abre-convocatoria-al-programa-de-fortalecimiento-de-liderazgo-democratico-para-las-nuevas-generaciones\/","title":{"rendered":"SNJ abre convocatoria al Programa de Fortalecimiento de Liderazgo Democr\u00e1tico para las Nuevas Generaciones"},"content":{"rendered":"<p data-start=\"366\" data-end=\"665\">La <strong data-start=\"369\" data-end=\"410\"><span class=\"hover:entity-accent entity-underline inline cursor-pointer align-baseline\"><span class=\"whitespace-normal\">Secretar\u00eda Nacional de la Juventud<\/span><\/span><\/strong> abri\u00f3 la convocatoria al <em data-start=\"436\" data-end=\"520\">Programa de Fortalecimiento del Liderazgo Democr\u00e1tico para las Nuevas Generaciones<\/em>, una iniciativa orientada a fortalecer las capacidades t\u00e9cnicas, estrat\u00e9gicas y program\u00e1ticas de j\u00f3venes que participan en procesos electorales.<\/p>\n<p data-start=\"667\" data-end=\"978\">El programa cuenta con el apoyo institucional del Congreso Nacional, a trav\u00e9s de las Comisiones de Juventud de la C\u00e1mara de Diputados y de la C\u00e1mara de Senadores, as\u00ed como de la <strong data-start=\"845\" data-end=\"886\"><span class=\"hover:entity-accent entity-underline inline cursor-pointer align-baseline\"><span class=\"whitespace-normal\">Organizaci\u00f3n Paraguaya de Cooperaci\u00f3n Intermunicipal<\/span><\/span><\/strong>, promoviendo un espacio de formaci\u00f3n articulado entre distintos actores del \u00e1mbito p\u00fablico.<\/p>\n<p data-start=\"1019\" data-end=\"1094\">\ud83d\udcdd <strong data-start=\"1022\" data-end=\"1052\">Formulario de inscripci\u00f3n:<\/strong><br data-start=\"1052\" data-end=\"1055\" \/><a class=\"decorated-link cursor-pointer\" href=\"https:\/\/postulacion-becas.snj.gov.py\/phpmyadmin\/liderazgo-democratico\/\" target=\"_blank\" rel=\"noopener\">Acceder al formulario<\/a><\/p>\n<p data-start=\"1096\" data-end=\"1178\">\ud83d\udcc4 <strong data-start=\"1099\" data-end=\"1136\">Bases y condiciones del programa:<\/strong><br data-start=\"1136\" data-end=\"1139\" \/><a href=\"https:\/\/snj.gov.py\/2023\/wp-content\/uploads\/2026\/03\/Guia-Programa-de-fortalecimiento-del-liderazgo-democratico-para-la-nuevas-generaciones_VF.pdf\">Ver bases y condiciones<\/a><\/p>\n<p data-start=\"1180\" data-end=\"1229\">\ud83d\udccc <strong data-start=\"1183\" data-end=\"1229\">Postulaciones abiertas hasta el 6 de abril<br \/>\n<\/strong><\/p>\n<p data-start=\"1267\" data-end=\"1429\">El programa est\u00e1 dirigido a j\u00f3venes de entre <strong data-start=\"1312\" data-end=\"1328\">18 y 29 a\u00f1os<\/strong> que se encuentren postulando a cargos electivos en las elecciones internas municipales del a\u00f1o 2026.<\/p>\n<p data-start=\"1431\" data-end=\"1739\">Se desarrollar\u00e1 bajo una <strong data-start=\"1456\" data-end=\"1477\">modalidad h\u00edbrida<\/strong>, combinando instancias virtuales para participantes de todo el pa\u00eds y clases presenciales en el <strong data-start=\"1574\" data-end=\"1615\">Sal\u00f3n Bicameral del Congreso Nacional<\/strong>, con cupos limitados. Los primeros 125 postulantes que cumplan con los requisitos podr\u00e1n acceder a la modalidad presencial.<\/p>\n<p data-start=\"1741\" data-end=\"1898\">La formaci\u00f3n tendr\u00e1 una carga horaria total de <strong data-start=\"1788\" data-end=\"1800\">12 horas<\/strong>, distribuidas en <strong data-start=\"1818\" data-end=\"1846\">tres jornadas formativas<\/strong>, que se llevar\u00e1n a cabo en el siguiente cronograma:<\/p>\n<ul data-start=\"1900\" data-end=\"2194\">\n<li data-section-id=\"thhwq2\" data-start=\"1900\" data-end=\"2005\"><strong data-start=\"1902\" data-end=\"1924\">Jueves 9 de abril:<\/strong> Estrategia pol\u00edtica, comunicaci\u00f3n y narrativa orientada a procesos electorales<\/li>\n<li data-section-id=\"323r3n\" data-start=\"2006\" data-end=\"2098\"><strong data-start=\"2008\" data-end=\"2031\">Jueves 16 de abril:<\/strong> Rol de intendentes y concejales y marco institucional del Estado<\/li>\n<li data-section-id=\"12ec8lc\" data-start=\"2099\" data-end=\"2194\"><strong data-start=\"2101\" data-end=\"2124\">Jueves 23 de abril:<\/strong> Dise\u00f1o de propuestas de campa\u00f1a y formulaci\u00f3n de pol\u00edticas p\u00fablicas<\/li>\n<\/ul>\n<p data-start=\"2196\" data-end=\"2436\">El programa contempla una <strong data-start=\"2222\" data-end=\"2246\">metodolog\u00eda aplicada<\/strong>, que combina exposiciones conceptuales, herramientas pr\u00e1cticas y la elaboraci\u00f3n de un documento t\u00e9cnico individual de propuesta program\u00e1tica, con acompa\u00f1amiento y retroalimentaci\u00f3n t\u00e9cnica.<\/p>\n<p data-start=\"2438\" data-end=\"2656\">Para acceder a la certificaci\u00f3n, los participantes deber\u00e1n cumplir con una asistencia m\u00ednima de <strong data-start=\"2534\" data-end=\"2557\">2 de las 3 jornadas<\/strong> y presentar un trabajo final vinculado a una propuesta de pol\u00edtica p\u00fablica en el \u00e1mbito municipal.<\/p>\n<p data-start=\"2658\" data-end=\"2859\">La iniciativa busca promover una participaci\u00f3n juvenil informada, responsable y con enfoque t\u00e9cnico, contribuyendo al fortalecimiento de la calidad de las propuestas p\u00fablicas y del sistema democr\u00e1tico.<\/p>\n","protected":false},"excerpt":{"rendered":"<p>La Secretar\u00eda Nacional de la Juventud abri\u00f3 la convocatoria al Programa de Fortalecimiento del Liderazgo Democr\u00e1tico para las Nuevas Generaciones, una iniciativa orientada a fortalecer las capacidades t\u00e9cnicas, estrat\u00e9gicas y program\u00e1ticas de j\u00f3venes que participan en procesos electorales. El programa cuenta con el apoyo institucional del Congreso Nacional, a trav\u00e9s de las Comisiones de Juventud [&hellip;]<\/p>\n","protected":false},"author":11,"featured_media":4465,"comment_status":"open","ping_status":"open","sticky":false,"template":"","format":"standard","meta":{"footnotes":""},"categories":[1],"tags":[],"class_list":["post-4460","post","type-post","status-publish","format-standard","has-post-thumbnail","hentry","category-sin-categoria"],"_links":{"self":[{"href":"https:\/\/snj.gov.py\/2023\/wp-json\/wp\/v2\/posts\/4460","targetHints":{"allow":["GET"]}}],"collection":[{"href":"https:\/\/snj.gov.py\/2023\/wp-json\/wp\/v2\/posts"}],"about":[{"href":"https:\/\/snj.gov.py\/2023\/wp-json\/wp\/v2\/types\/post"}],"author":[{"embeddable":true,"href":"https:\/\/snj.gov.py\/2023\/wp-json\/wp\/v2\/users\/11"}],"replies":[{"embeddable":true,"href":"https:\/\/snj.gov.py\/2023\/wp-json\/wp\/v2\/comments?post=4460"}],"version-history":[{"count":4,"href":"https:\/\/snj.gov.py\/2023\/wp-json\/wp\/v2\/posts\/4460\/revisions"}],"predecessor-version":[{"id":4468,"href":"https:\/\/snj.gov.py\/2023\/wp-json\/wp\/v2\/posts\/4460\/revisions\/4468"}],"wp:featuredmedia":[{"embeddable":true,"href":"https:\/\/snj.gov.py\/2023\/wp-json\/wp\/v2\/media\/4465"}],"wp:attachment":[{"href":"https:\/\/snj.gov.py\/2023\/wp-json\/wp\/v2\/media?parent=4460"}],"wp:term":[{"taxonomy":"category","embeddable":true,"href":"https:\/\/snj.gov.py\/2023\/wp-json\/wp\/v2\/categories?post=4460"},{"taxonomy":"post_tag","embeddable":true,"href":"https:\/\/snj.gov.py\/2023\/wp-json\/wp\/v2\/tags?post=4460"}],"curies":[{"name":"wp","href":"https:\/\/api.w.org\/{rel}","templated":true}]}}