{"id":4100,"date":"2025-09-15T14:05:16","date_gmt":"2025-09-15T17:05:16","guid":{"rendered":"https:\/\/snj.gov.py\/2023\/?p=4100"},"modified":"2025-09-15T14:59:02","modified_gmt":"2025-09-15T17:59:02","slug":"gacetilla-de-prensa-mas-de-2-000-becas-para-la-juventud-en-palma-joven-2025","status":"publish","type":"post","link":"https:\/\/snj.gov.py\/2023\/gacetilla-de-prensa-mas-de-2-000-becas-para-la-juventud-en-palma-joven-2025\/","title":{"rendered":"M\u00c1S DE 2.000 BECAS PARA LA JUVENTUD EN PALMA JOVEN 2025"},"content":{"rendered":"\t\t<div data-elementor-type=\"wp-post\" data-elementor-id=\"4100\" class=\"elementor elementor-4100\">\n\t\t\t\t\t\t<section class=\"elementor-section elementor-top-section elementor-element elementor-element-4ef23383 elementor-section-boxed elementor-section-height-default elementor-section-height-default\" data-id=\"4ef23383\" data-element_type=\"section\" data-e-type=\"section\">\n\t\t\t\t\t\t<div class=\"elementor-container elementor-column-gap-default\">\n\t\t\t\t\t<div class=\"elementor-column elementor-col-100 elementor-top-column elementor-element elementor-element-77a67173\" data-id=\"77a67173\" data-element_type=\"column\" data-e-type=\"column\">\n\t\t\t<div class=\"elementor-widget-wrap elementor-element-populated\">\n\t\t\t\t\t\t<div class=\"elementor-element elementor-element-5f38ffe elementor-widget elementor-widget-text-editor\" data-id=\"5f38ffe\" data-element_type=\"widget\" data-e-type=\"widget\" data-widget_type=\"text-editor.default\">\n\t\t\t\t<div class=\"elementor-widget-container\">\n\t\t\t\t\t\t\t\t\t<p>La Secretar\u00eda Nacional de la Juventud anuncia que, en el marco de Palma Joven &#8211; Edici\u00f3n Vintage 2025, se llevar\u00e1 a cabo la Feria de Becas Juventud, una de las iniciativas m\u00e1s importantes del a\u00f1o para acercar nuevas oportunidades educativas a los j\u00f3venes paraguayos.<\/p><p>Fecha: s\u00e1bado, 20 de septiembre de 2025<br \/>Horario: 11:00 a 20:00 horas<br \/>Lugar: Espacio Cultural Staudt \u2013 Palma Joven, Asunci\u00f3n.<\/p><p>\u00a0<\/p><p>En esta edici\u00f3n especial, se lanzar\u00e1n m\u00e1s de 2.000 becas en programas de grado, posgrado, diplomados, carreras t\u00e9cnicas, capacitaciones y academias de idiomas, con coberturas que van desde 25% hasta el 100%.<\/p><p>Podr\u00e1n postular j\u00f3venes paraguayos de 18 a 29 a\u00f1os que hayan concluido la Educaci\u00f3n Media. Los interesados deber\u00e1n acercarse al stand de la Secretar\u00eda Nacional de la Juventud (SNJ) durante la feria y presentar copia simple de c\u00e9dula de identidad y certificado de estudios.<\/p><p>El evento contar\u00e1 con la participaci\u00f3n de universidades e institutos de todo el pa\u00eds, quienes presentar\u00e1n sus ofertas acad\u00e9micas y procesos de postulaci\u00f3n, en un espacio abierto de encuentro, orientaci\u00f3n y oportunidades.<\/p><p>La Feria de Becas Juventud se suma a las m\u00faltiples actividades de Palma Joven &#8211; Edici\u00f3n Vintage, que incluir\u00e1 m\u00fasica, arte, ferias de emprendedores e instituciones, generando un espacio integral donde la juventud ser\u00e1 protagonista.<\/p><p>Con esta acci\u00f3n, el Gobierno del Paraguay reafirma su compromiso con una educaci\u00f3n inclusiva y accesible, impulsando a las nuevas generaciones hacia un futuro con m\u00e1s oportunidades.<\/p><p><a href=\"https:\/\/snj.gov.py\/2023\/wp-content\/uploads\/2025\/09\/GBC-FERIA-DE-BECAS.pdf\"><strong>Clic para ver Pliego de Bases y Condiciones<\/strong><\/a><\/p><p>Contacto: <a href=\"mailto:becas@snj.gov.py\">becas@snj.gov.py<\/a><\/p>\t\t\t\t\t\t\t\t<\/div>\n\t\t\t\t<\/div>\n\t\t\t\t<div class=\"elementor-element elementor-element-85630fe elementor-widget elementor-widget-image\" data-id=\"85630fe\" data-element_type=\"widget\" data-e-type=\"widget\" data-widget_type=\"image.default\">\n\t\t\t\t<div class=\"elementor-widget-container\">\n\t\t\t\t\t\t\t\t\t\t\t\t\t\t\t<img decoding=\"async\" src=\"https:\/\/snj.gov.py\/2023\/wp-content\/uploads\/elementor\/thumbs\/palma-joven2-rbsxy3pnh08grkoivp3ds1u4o0skt617loh5v7bp6o.jpeg\" title=\"palma joven2\" alt=\"palma joven2\" loading=\"lazy\" \/>\t\t\t\t\t\t\t\t\t\t\t\t\t\t\t<\/div>\n\t\t\t\t<\/div>\n\t\t\t\t\t<\/div>\n\t\t<\/div>\n\t\t\t\t\t<\/div>\n\t\t<\/section>\n\t\t\t\t<section class=\"elementor-section elementor-top-section elementor-element elementor-element-03a3395 elementor-section-boxed elementor-section-height-default elementor-section-height-default\" data-id=\"03a3395\" data-element_type=\"section\" data-e-type=\"section\">\n\t\t\t\t\t\t<div class=\"elementor-container elementor-column-gap-default\">\n\t\t\t\t\t<div class=\"elementor-column elementor-col-100 elementor-top-column elementor-element elementor-element-514c10d\" data-id=\"514c10d\" data-element_type=\"column\" data-e-type=\"column\">\n\t\t\t<div class=\"elementor-widget-wrap elementor-element-populated\">\n\t\t\t\t\t\t<div class=\"elementor-element elementor-element-57423c4 elementor-widget elementor-widget-image\" data-id=\"57423c4\" data-element_type=\"widget\" data-e-type=\"widget\" data-widget_type=\"image.default\">\n\t\t\t\t<div class=\"elementor-widget-container\">\n\t\t\t\t\t\t\t\t\t\t\t\t\t\t\t<img decoding=\"async\" src=\"https:\/\/snj.gov.py\/2023\/wp-content\/uploads\/elementor\/thumbs\/palma-joven-rbsxy3pnh08grkoivp3ds1u4o0skt617loh5v7bp6o.jpeg\" title=\"palma joven\" alt=\"palma joven\" loading=\"lazy\" \/>\t\t\t\t\t\t\t\t\t\t\t\t\t\t\t<\/div>\n\t\t\t\t<\/div>\n\t\t\t\t\t<\/div>\n\t\t<\/div>\n\t\t\t\t\t<\/div>\n\t\t<\/section>\n\t\t\t\t<\/div>\n\t\t","protected":false},"excerpt":{"rendered":"<p>La Secretar\u00eda Nacional de la Juventud anuncia que, en el marco de Palma Joven &#8211; Edici\u00f3n Vintage 2025, se llevar\u00e1 a cabo la Feria de Becas Juventud, una de las iniciativas m\u00e1s importantes del a\u00f1o para acercar nuevas oportunidades educativas a los j\u00f3venes paraguayos. Fecha: s\u00e1bado, 20 de septiembre de 2025 Horario: 11:00 a 20:00 [&hellip;]<\/p>\n","protected":false},"author":1,"featured_media":4104,"comment_status":"open","ping_status":"open","sticky":false,"template":"","format":"standard","meta":{"footnotes":""},"categories":[1],"tags":[],"class_list":["post-4100","post","type-post","status-publish","format-standard","has-post-thumbnail","hentry","category-sin-categoria"],"_links":{"self":[{"href":"https:\/\/snj.gov.py\/2023\/wp-json\/wp\/v2\/posts\/4100","targetHints":{"allow":["GET"]}}],"collection":[{"href":"https:\/\/snj.gov.py\/2023\/wp-json\/wp\/v2\/posts"}],"about":[{"href":"https:\/\/snj.gov.py\/2023\/wp-json\/wp\/v2\/types\/post"}],"author":[{"embeddable":true,"href":"https:\/\/snj.gov.py\/2023\/wp-json\/wp\/v2\/users\/1"}],"replies":[{"embeddable":true,"href":"https:\/\/snj.gov.py\/2023\/wp-json\/wp\/v2\/comments?post=4100"}],"version-history":[{"count":9,"href":"https:\/\/snj.gov.py\/2023\/wp-json\/wp\/v2\/posts\/4100\/revisions"}],"predecessor-version":[{"id":4112,"href":"https:\/\/snj.gov.py\/2023\/wp-json\/wp\/v2\/posts\/4100\/revisions\/4112"}],"wp:featuredmedia":[{"embeddable":true,"href":"https:\/\/snj.gov.py\/2023\/wp-json\/wp\/v2\/media\/4104"}],"wp:attachment":[{"href":"https:\/\/snj.gov.py\/2023\/wp-json\/wp\/v2\/media?parent=4100"}],"wp:term":[{"taxonomy":"category","embeddable":true,"href":"https:\/\/snj.gov.py\/2023\/wp-json\/wp\/v2\/categories?post=4100"},{"taxonomy":"post_tag","embeddable":true,"href":"https:\/\/snj.gov.py\/2023\/wp-json\/wp\/v2\/tags?post=4100"}],"curies":[{"name":"wp","href":"https:\/\/api.w.org\/{rel}","templated":true}]}}