{"id":4050,"date":"2025-08-05T16:44:21","date_gmt":"2025-08-05T19:44:21","guid":{"rendered":"https:\/\/snj.gov.py\/2023\/?p=4050"},"modified":"2025-08-05T17:04:22","modified_gmt":"2025-08-05T20:04:22","slug":"sumate-como-voluntario-para-el-dia-del-nino-en-palma-de-los-ninos","status":"publish","type":"post","link":"https:\/\/snj.gov.py\/2023\/sumate-como-voluntario-para-el-dia-del-nino-en-palma-de-los-ninos\/","title":{"rendered":"\u00a1Sumate como voluntario para el D\u00eda del Ni\u00f1o en Palma de los Ni\u00f1os!"},"content":{"rendered":"<p data-start=\"316\" data-end=\"544\">La Secretar\u00eda Nacional de la Juventud (SNJ), a trav\u00e9s de su red de voluntariado <em data-start=\"396\" data-end=\"407\">Activamos<\/em>, abre la convocatoria para j\u00f3venes que deseen ser parte de una experiencia \u00fanica de servicio y alegr\u00eda en el marco del <strong data-start=\"527\" data-end=\"543\">D\u00eda del Ni\u00f1o<\/strong>.<\/p>\n<p data-start=\"546\" data-end=\"815\">En alianza con la <strong data-start=\"564\" data-end=\"594\">Oficina de la Primera Dama<\/strong> y el <strong data-start=\"600\" data-end=\"644\">Ministerio de la Ni\u00f1ez y la Adolescencia<\/strong>, te invitamos a formar parte de la edici\u00f3n especial de la feria <strong data-start=\"709\" data-end=\"720\">Palmear<\/strong>, que se transformar\u00e1 ese d\u00eda en una gran fiesta para ni\u00f1as y ni\u00f1os: <strong data-start=\"789\" data-end=\"811\">Palma de los Ni\u00f1os<\/strong> \ud83c\udf89.<\/p>\n<p data-start=\"817\" data-end=\"943\">Si ten\u00e9s entre 18 y 29 a\u00f1os, muchas ganas de ayudar y buena onda para compartir con otras personas, \u00a1este llamado es para vos!<\/p>\n<hr data-start=\"945\" data-end=\"948\" \/>\n<h3 data-start=\"950\" data-end=\"983\">Detalles del voluntariado:<\/h3>\n<p data-start=\"985\" data-end=\"1104\"><strong data-start=\"988\" data-end=\"998\">Lugar:<\/strong> Feria Palmear \u2013 Calle Palma, Asunci\u00f3n<br data-start=\"1036\" data-end=\"1039\" \/><strong data-start=\"1043\" data-end=\"1053\">Fecha:<\/strong> S\u00e1bado 16 de agosto<br data-start=\"1073\" data-end=\"1076\" \/><strong data-start=\"1079\" data-end=\"1102\">Turnos disponibles:<\/strong><\/p>\n<ul data-start=\"1105\" data-end=\"1160\">\n<li data-start=\"1105\" data-end=\"1133\">\n<p data-start=\"1107\" data-end=\"1133\">Turno 1: 09:00 a 16:00 h<\/p>\n<\/li>\n<li data-start=\"1134\" data-end=\"1160\">\n<p data-start=\"1136\" data-end=\"1160\">Turno 2: 15:30 a 23:00 h<\/p>\n<\/li>\n<\/ul>\n<hr data-start=\"1162\" data-end=\"1165\" \/>\n<h3 data-start=\"1167\" data-end=\"1198\">Requisitos para postular:<\/h3>\n<ul data-start=\"1200\" data-end=\"1398\">\n<li data-start=\"1200\" data-end=\"1228\">\n<p data-start=\"1202\" data-end=\"1228\">Tener entre 18 y 29 a\u00f1os<\/p>\n<\/li>\n<li data-start=\"1229\" data-end=\"1358\">\n<p data-start=\"1231\" data-end=\"1358\">Participar obligatoriamente de la <strong data-start=\"1265\" data-end=\"1292\">capacitaci\u00f3n presencial<\/strong> el <strong data-start=\"1296\" data-end=\"1336\">mi\u00e9rcoles 13 de agosto a las 17:00 h<\/strong> (lugar a confirmar)<\/p>\n<\/li>\n<li data-start=\"1359\" data-end=\"1398\">\n<p data-start=\"1361\" data-end=\"1398\">No contar con antecedentes policiales<\/p>\n<\/li>\n<\/ul>\n<hr data-start=\"1400\" data-end=\"1403\" \/>\n<h3 data-start=\"1405\" data-end=\"1430\">\u00bfQu\u00e9 te ofrecemos?<\/h3>\n<ul data-start=\"1432\" data-end=\"1572\">\n<li data-start=\"1432\" data-end=\"1479\">\n<p data-start=\"1434\" data-end=\"1479\">Alimentaci\u00f3n e hidrataci\u00f3n durante tu turno<\/p>\n<\/li>\n<li data-start=\"1480\" data-end=\"1515\">\n<p data-start=\"1482\" data-end=\"1515\">Remera oficial del voluntariado<\/p>\n<\/li>\n<li data-start=\"1516\" data-end=\"1572\">\n<p data-start=\"1518\" data-end=\"1572\">Certificado de participaci\u00f3n al finalizar la actividad<\/p>\n<\/li>\n<\/ul>\n<hr data-start=\"1574\" data-end=\"1577\" \/>\n<h3 data-start=\"1579\" data-end=\"1603\">\u00a0\u00a1Postulate ahora!<\/h3>\n<p data-start=\"1605\" data-end=\"1802\">Ten\u00e9s tiempo de postularte hasta el <strong data-start=\"1641\" data-end=\"1672\">viernes 8 de agosto de 2025<\/strong>, o hasta que se llenen los cupos.<br data-start=\"1706\" data-end=\"1709\" \/>\ud83d\udc49 <a href=\"https:\/\/snj.gov.py\/2023\/wp-content\/uploads\/2025\/08\/Voluntariado-Activamos-Dia-del-Nino-Bases-y-Condiciones.pdf\">Voluntariado Activamos-D\u00eda del Ni\u00f1o-Bases y Condiciones.<\/a><br data-start=\"1754\" data-end=\"1757\" \/>\ud83d\udcdd <a class=\"\" href=\"https:\/\/forms.gle\/6bqqHKAKxcCLYivr8\" rel=\"noopener\" data-start=\"1760\" data-end=\"1802\">Complet\u00e1 el formulario de postulaci\u00f3n<\/a><\/p>\n<p data-start=\"1804\" data-end=\"1909\">Desde la SNJ nos pondremos en contacto contigo a trav\u00e9s de WhatsApp una vez que recibamos tu postulaci\u00f3n.<\/p>\n<p data-start=\"1916\" data-end=\"2080\"><em><strong data-start=\"1916\" data-end=\"2012\">\u00a1Sumate a Activamos y viv\u00ed una jornada llena de alegr\u00eda, solidaridad y compromiso juvenil!<\/strong><\/em><\/p>\n","protected":false},"excerpt":{"rendered":"<p>La Secretar\u00eda Nacional de la Juventud (SNJ), a trav\u00e9s de su red de voluntariado Activamos, abre la convocatoria para j\u00f3venes que deseen ser parte de una experiencia \u00fanica de servicio y alegr\u00eda en el marco del D\u00eda del Ni\u00f1o. En alianza con la Oficina de la Primera Dama y el Ministerio de la Ni\u00f1ez y [&hellip;]<\/p>\n","protected":false},"author":11,"featured_media":4051,"comment_status":"open","ping_status":"open","sticky":false,"template":"","format":"standard","meta":{"footnotes":""},"categories":[2,45,46],"tags":[],"class_list":["post-4050","post","type-post","status-publish","format-standard","has-post-thumbnail","hentry","category-ninos","category-palma-de-los-ninos","category-voluntariado"],"_links":{"self":[{"href":"https:\/\/snj.gov.py\/2023\/wp-json\/wp\/v2\/posts\/4050","targetHints":{"allow":["GET"]}}],"collection":[{"href":"https:\/\/snj.gov.py\/2023\/wp-json\/wp\/v2\/posts"}],"about":[{"href":"https:\/\/snj.gov.py\/2023\/wp-json\/wp\/v2\/types\/post"}],"author":[{"embeddable":true,"href":"https:\/\/snj.gov.py\/2023\/wp-json\/wp\/v2\/users\/11"}],"replies":[{"embeddable":true,"href":"https:\/\/snj.gov.py\/2023\/wp-json\/wp\/v2\/comments?post=4050"}],"version-history":[{"count":4,"href":"https:\/\/snj.gov.py\/2023\/wp-json\/wp\/v2\/posts\/4050\/revisions"}],"predecessor-version":[{"id":4057,"href":"https:\/\/snj.gov.py\/2023\/wp-json\/wp\/v2\/posts\/4050\/revisions\/4057"}],"wp:featuredmedia":[{"embeddable":true,"href":"https:\/\/snj.gov.py\/2023\/wp-json\/wp\/v2\/media\/4051"}],"wp:attachment":[{"href":"https:\/\/snj.gov.py\/2023\/wp-json\/wp\/v2\/media?parent=4050"}],"wp:term":[{"taxonomy":"category","embeddable":true,"href":"https:\/\/snj.gov.py\/2023\/wp-json\/wp\/v2\/categories?post=4050"},{"taxonomy":"post_tag","embeddable":true,"href":"https:\/\/snj.gov.py\/2023\/wp-json\/wp\/v2\/tags?post=4050"}],"curies":[{"name":"wp","href":"https:\/\/api.w.org\/{rel}","templated":true}]}}