{"id":3061,"date":"2024-10-22T09:01:17","date_gmt":"2024-10-22T12:01:17","guid":{"rendered":"https:\/\/snj.gov.py\/2023\/?p=3061"},"modified":"2024-10-22T09:01:17","modified_gmt":"2024-10-22T12:01:17","slug":"momento-historico-para-oleary-departamento-de-alto-parana","status":"publish","type":"post","link":"https:\/\/snj.gov.py\/2023\/momento-historico-para-oleary-departamento-de-alto-parana\/","title":{"rendered":"\u00a1Momento hist\u00f3rico para O\u2019Leary! Departamento de Alto Paran\u00e1"},"content":{"rendered":"<p>Despu\u00e9s de 56 a\u00f1os de historia, el joven distrito de Juan E. O\u2019Leary celebra la creaci\u00f3n de su primera <strong>Plaza de la Juventud<\/strong>, un espacio modelo que marcar\u00e1 un hito en el desarrollo comunitario. Financiada en su totalidad por la Secretar\u00eda Nacional de la Juventud (SNJ), bajo el liderazgo de la ministra <strong>Salma Aguero<\/strong>, este proyecto refleja el compromiso del <strong>Gobierno del Paraguay<\/strong> con el bienestar de su juventud.<\/p>\n<p>La iniciativa, que forma parte del <strong>Sistema de Protecci\u00f3n Social<\/strong>, se alinea con los objetivos del <strong>Plan SUMAR<\/strong> en la prevenci\u00f3n de adicciones. La plaza no solo ser\u00e1 un lugar de recreaci\u00f3n, sino tambi\u00e9n un espacio clave para la promoci\u00f3n de h\u00e1bitos saludables y la integraci\u00f3n social, ofreciendo a los j\u00f3venes alternativas que fortalezcan el tejido comunitario y brinden oportunidades de desarrollo personal.<\/p>\n<p>Este es un claro ejemplo de c\u00f3mo la SNJ, bajo la visi\u00f3n de la ministra Ag\u00fcero, impulsa proyectos transformadores para la juventud, generando espacios que favorecen el encuentro y el bienestar.<\/p>\n","protected":false},"excerpt":{"rendered":"<p>Despu\u00e9s de 56 a\u00f1os de historia, el joven distrito de Juan E. O\u2019Leary celebra la creaci\u00f3n de su primera Plaza de la Juventud, un espacio modelo que marcar\u00e1 un hito en el desarrollo comunitario. Financiada en su totalidad por la Secretar\u00eda Nacional de la Juventud (SNJ), bajo el liderazgo de la ministra Salma Aguero, este [&hellip;]<\/p>\n","protected":false},"author":8,"featured_media":3062,"comment_status":"open","ping_status":"open","sticky":false,"template":"","format":"standard","meta":{"footnotes":""},"categories":[1],"tags":[],"class_list":["post-3061","post","type-post","status-publish","format-standard","has-post-thumbnail","hentry","category-sin-categoria"],"_links":{"self":[{"href":"https:\/\/snj.gov.py\/2023\/wp-json\/wp\/v2\/posts\/3061","targetHints":{"allow":["GET"]}}],"collection":[{"href":"https:\/\/snj.gov.py\/2023\/wp-json\/wp\/v2\/posts"}],"about":[{"href":"https:\/\/snj.gov.py\/2023\/wp-json\/wp\/v2\/types\/post"}],"author":[{"embeddable":true,"href":"https:\/\/snj.gov.py\/2023\/wp-json\/wp\/v2\/users\/8"}],"replies":[{"embeddable":true,"href":"https:\/\/snj.gov.py\/2023\/wp-json\/wp\/v2\/comments?post=3061"}],"version-history":[{"count":1,"href":"https:\/\/snj.gov.py\/2023\/wp-json\/wp\/v2\/posts\/3061\/revisions"}],"predecessor-version":[{"id":3065,"href":"https:\/\/snj.gov.py\/2023\/wp-json\/wp\/v2\/posts\/3061\/revisions\/3065"}],"wp:featuredmedia":[{"embeddable":true,"href":"https:\/\/snj.gov.py\/2023\/wp-json\/wp\/v2\/media\/3062"}],"wp:attachment":[{"href":"https:\/\/snj.gov.py\/2023\/wp-json\/wp\/v2\/media?parent=3061"}],"wp:term":[{"taxonomy":"category","embeddable":true,"href":"https:\/\/snj.gov.py\/2023\/wp-json\/wp\/v2\/categories?post=3061"},{"taxonomy":"post_tag","embeddable":true,"href":"https:\/\/snj.gov.py\/2023\/wp-json\/wp\/v2\/tags?post=3061"}],"curies":[{"name":"wp","href":"https:\/\/api.w.org\/{rel}","templated":true}]}}