{"id":2750,"date":"2024-07-04T12:00:34","date_gmt":"2024-07-04T16:00:34","guid":{"rendered":"https:\/\/snj.gov.py\/2023\/?p=2750"},"modified":"2024-07-05T15:14:43","modified_gmt":"2024-07-05T19:14:43","slug":"ministra-de-la-juventud-acompana-jornada-de-gobierno-en-paraguari","status":"publish","type":"post","link":"https:\/\/snj.gov.py\/2023\/ministra-de-la-juventud-acompana-jornada-de-gobierno-en-paraguari\/","title":{"rendered":"Ministra de la Juventud acompa\u00f1a jornada de Gobierno en Paraguar\u00ed"},"content":{"rendered":"<p>En el marco de una jornada de gobierno realizada en el departamento de Paraguar\u00ed, la ministra de la Juventud, Salma Ag\u00fcero\u00a0, acompa\u00f1\u00f3 al presidente Santiago Pe\u00f1a y a parte de su gabinete en una serie de actividades orientadas al desarrollo y bienestar de la comunidad.<\/p>\n<p><img fetchpriority=\"high\" decoding=\"async\" class=\"alignnone size-medium wp-image-2752\" src=\"https:\/\/snj.gov.py\/2023\/wp-content\/uploads\/2024\/07\/WhatsApp-Image-2024-07-04-at-15.42.00-300x200.jpeg\" alt=\"\" width=\"300\" height=\"200\" srcset=\"https:\/\/snj.gov.py\/2023\/wp-content\/uploads\/2024\/07\/WhatsApp-Image-2024-07-04-at-15.42.00-300x200.jpeg 300w, https:\/\/snj.gov.py\/2023\/wp-content\/uploads\/2024\/07\/WhatsApp-Image-2024-07-04-at-15.42.00-768x512.jpeg 768w, https:\/\/snj.gov.py\/2023\/wp-content\/uploads\/2024\/07\/WhatsApp-Image-2024-07-04-at-15.42.00-1536x1023.jpeg 1536w, https:\/\/snj.gov.py\/2023\/wp-content\/uploads\/2024\/07\/WhatsApp-Image-2024-07-04-at-15.42.00.jpeg 1600w\" sizes=\"(max-width: 300px) 100vw, 300px\" \/><\/p>\n<p>Uno de los momentos m\u00e1s destacados del evento fue la entrega de becas a 800 j\u00f3venes por parte de la gobernadora de Paraguar\u00ed. Este significativo gesto reafirma el compromiso del gobierno con el futuro de Paraguay y la importancia de brindar apoyo a los j\u00f3venes en su formaci\u00f3n educativa y profesional.<\/p>\n","protected":false},"excerpt":{"rendered":"<p>En el marco de una jornada de gobierno realizada en el departamento de Paraguar\u00ed, la ministra de la Juventud, Salma Ag\u00fcero\u00a0, acompa\u00f1\u00f3 al presidente Santiago Pe\u00f1a y a parte de su gabinete en una serie de actividades orientadas al desarrollo y bienestar de la comunidad. Uno de los momentos m\u00e1s destacados del evento fue la [&hellip;]<\/p>\n","protected":false},"author":8,"featured_media":2751,"comment_status":"open","ping_status":"open","sticky":false,"template":"","format":"standard","meta":{"footnotes":""},"categories":[1],"tags":[],"class_list":["post-2750","post","type-post","status-publish","format-standard","has-post-thumbnail","hentry","category-sin-categoria"],"_links":{"self":[{"href":"https:\/\/snj.gov.py\/2023\/wp-json\/wp\/v2\/posts\/2750","targetHints":{"allow":["GET"]}}],"collection":[{"href":"https:\/\/snj.gov.py\/2023\/wp-json\/wp\/v2\/posts"}],"about":[{"href":"https:\/\/snj.gov.py\/2023\/wp-json\/wp\/v2\/types\/post"}],"author":[{"embeddable":true,"href":"https:\/\/snj.gov.py\/2023\/wp-json\/wp\/v2\/users\/8"}],"replies":[{"embeddable":true,"href":"https:\/\/snj.gov.py\/2023\/wp-json\/wp\/v2\/comments?post=2750"}],"version-history":[{"count":1,"href":"https:\/\/snj.gov.py\/2023\/wp-json\/wp\/v2\/posts\/2750\/revisions"}],"predecessor-version":[{"id":2753,"href":"https:\/\/snj.gov.py\/2023\/wp-json\/wp\/v2\/posts\/2750\/revisions\/2753"}],"wp:featuredmedia":[{"embeddable":true,"href":"https:\/\/snj.gov.py\/2023\/wp-json\/wp\/v2\/media\/2751"}],"wp:attachment":[{"href":"https:\/\/snj.gov.py\/2023\/wp-json\/wp\/v2\/media?parent=2750"}],"wp:term":[{"taxonomy":"category","embeddable":true,"href":"https:\/\/snj.gov.py\/2023\/wp-json\/wp\/v2\/categories?post=2750"},{"taxonomy":"post_tag","embeddable":true,"href":"https:\/\/snj.gov.py\/2023\/wp-json\/wp\/v2\/tags?post=2750"}],"curies":[{"name":"wp","href":"https:\/\/api.w.org\/{rel}","templated":true}]}}