{"id":2747,"date":"2024-07-04T15:00:57","date_gmt":"2024-07-04T19:00:57","guid":{"rendered":"https:\/\/snj.gov.py\/2023\/?p=2747"},"modified":"2024-07-05T15:15:33","modified_gmt":"2024-07-05T19:15:33","slug":"la-ministra-de-la-juventud-participa-en-la-apertura-del-congreso-ion-2024","status":"publish","type":"post","link":"https:\/\/snj.gov.py\/2023\/la-ministra-de-la-juventud-participa-en-la-apertura-del-congreso-ion-2024\/","title":{"rendered":"La ministra de la juventud participa en la apertura del Congreso ION 2024"},"content":{"rendered":"<div class=\"_a9zs\">\n<p class=\"_ap3a _aaco _aacu _aacx _aad7 _aade\" dir=\"auto\">Desde la Secretar\u00eda Nacional de la Juventud, estamos orgullosos de haber participado en la apertura del \u201cCongreso I\u00d3N 2024\u201d, organizado por la Federaci\u00f3n Juntos por la Inclusi\u00f3n en su tercera edici\u00f3n.<\/p>\n<p>Este evento es un pilar fundamental para el fortalecimiento de los derechos de las personas con discapacidad y la promoci\u00f3n de una educaci\u00f3n inclusiva en el pa\u00eds.<\/p>\n<p class=\"_ap3a _aaco _aacu _aacx _aad7 _aade\" dir=\"auto\">\u00a1Desde el\u00a0<a class=\"x1i10hfl xjbqb8w x1ejq31n xd10rxx x1sy0etr x17r0tee x972fbf xcfux6l x1qhh985 xm0m39n x9f619 x1ypdohk xt0psk2 xe8uvvx xdj266r x11i5rnm xat24cr x1mh8g0r xexx8yu x4uap5 x18d9i69 xkhd6sd x16tdsg8 x1hl2dhg xggy1nq x1a2a7pz _aa9_ _a6hd\" tabindex=\"0\" role=\"link\" href=\"https:\/\/www.instagram.com\/explore\/tags\/gobiernodelparaguay\/\">#GobiernodelParaguay<\/a>\u00a0seguiremos trabajando por una naci\u00f3n m\u00e1s inclusiva!<\/p>\n<\/div>\n<div class=\"x9f619 xjbqb8w x78zum5 x168nmei x13lgxp2 x5pf9jr xo71vjh x1xmf6yo x12nagc x1n2onr6 x1plvlek xryxfnj x1c4vz4f x2lah0s xdt5ytf xqjyukv x1qjc9v5 x1oa3qoh x1nhvcw1\"><\/div>\n<p>&nbsp;<\/p>\n","protected":false},"excerpt":{"rendered":"<p>Desde la Secretar\u00eda Nacional de la Juventud, estamos orgullosos de haber participado en la apertura del \u201cCongreso I\u00d3N 2024\u201d, organizado por la Federaci\u00f3n Juntos por la Inclusi\u00f3n en su tercera edici\u00f3n. Este evento es un pilar fundamental para el fortalecimiento de los derechos de las personas con discapacidad y la promoci\u00f3n de una educaci\u00f3n inclusiva [&hellip;]<\/p>\n","protected":false},"author":8,"featured_media":2748,"comment_status":"open","ping_status":"open","sticky":false,"template":"","format":"standard","meta":{"footnotes":""},"categories":[1],"tags":[],"class_list":["post-2747","post","type-post","status-publish","format-standard","has-post-thumbnail","hentry","category-sin-categoria"],"_links":{"self":[{"href":"https:\/\/snj.gov.py\/2023\/wp-json\/wp\/v2\/posts\/2747","targetHints":{"allow":["GET"]}}],"collection":[{"href":"https:\/\/snj.gov.py\/2023\/wp-json\/wp\/v2\/posts"}],"about":[{"href":"https:\/\/snj.gov.py\/2023\/wp-json\/wp\/v2\/types\/post"}],"author":[{"embeddable":true,"href":"https:\/\/snj.gov.py\/2023\/wp-json\/wp\/v2\/users\/8"}],"replies":[{"embeddable":true,"href":"https:\/\/snj.gov.py\/2023\/wp-json\/wp\/v2\/comments?post=2747"}],"version-history":[{"count":2,"href":"https:\/\/snj.gov.py\/2023\/wp-json\/wp\/v2\/posts\/2747\/revisions"}],"predecessor-version":[{"id":2755,"href":"https:\/\/snj.gov.py\/2023\/wp-json\/wp\/v2\/posts\/2747\/revisions\/2755"}],"wp:featuredmedia":[{"embeddable":true,"href":"https:\/\/snj.gov.py\/2023\/wp-json\/wp\/v2\/media\/2748"}],"wp:attachment":[{"href":"https:\/\/snj.gov.py\/2023\/wp-json\/wp\/v2\/media?parent=2747"}],"wp:term":[{"taxonomy":"category","embeddable":true,"href":"https:\/\/snj.gov.py\/2023\/wp-json\/wp\/v2\/categories?post=2747"},{"taxonomy":"post_tag","embeddable":true,"href":"https:\/\/snj.gov.py\/2023\/wp-json\/wp\/v2\/tags?post=2747"}],"curies":[{"name":"wp","href":"https:\/\/api.w.org\/{rel}","templated":true}]}}