{"id":2479,"date":"2024-04-23T19:00:13","date_gmt":"2024-04-23T23:00:13","guid":{"rendered":"https:\/\/snj.gov.py\/2023\/?p=2479"},"modified":"2024-05-03T10:45:20","modified_gmt":"2024-05-03T14:45:20","slug":"mesa-de-proteccion-social-en-villa-franca-neembucu","status":"publish","type":"post","link":"https:\/\/snj.gov.py\/2023\/mesa-de-proteccion-social-en-villa-franca-neembucu\/","title":{"rendered":"Mesa de Protecci\u00f3n Social en Villa Franca, \u00d1eembuc\u00fa"},"content":{"rendered":"<p>Acompa\u00f1ando la instalaci\u00f3n de la mesa de protecci\u00f3n social en Villa Franca, junto a la Ministra de la Juventud Florencia Taboada Evreinoff y el Ministro de Desarrollo Social, Tadeo Rojas.<\/p>\n<p><img fetchpriority=\"high\" decoding=\"async\" class=\"alignnone size-medium wp-image-2480\" src=\"https:\/\/snj.gov.py\/2023\/wp-content\/uploads\/2024\/05\/WhatsApp-Image-2024-05-03-at-10.41.17-300x200.jpeg\" alt=\"\" width=\"300\" height=\"200\" srcset=\"https:\/\/snj.gov.py\/2023\/wp-content\/uploads\/2024\/05\/WhatsApp-Image-2024-05-03-at-10.41.17-300x200.jpeg 300w, https:\/\/snj.gov.py\/2023\/wp-content\/uploads\/2024\/05\/WhatsApp-Image-2024-05-03-at-10.41.17-768x512.jpeg 768w, https:\/\/snj.gov.py\/2023\/wp-content\/uploads\/2024\/05\/WhatsApp-Image-2024-05-03-at-10.41.17-1536x1024.jpeg 1536w, https:\/\/snj.gov.py\/2023\/wp-content\/uploads\/2024\/05\/WhatsApp-Image-2024-05-03-at-10.41.17-2048x1365.jpeg 2048w\" sizes=\"(max-width: 300px) 100vw, 300px\" \/><\/p>\n<p>Este encuentro encarna el esp\u00edritu del Plan Nacional de Reducci\u00f3n de la Pobreza, promoviendo la participaci\u00f3n activa de la comunidad en la b\u00fasqueda de soluciones, con el respaldo cercano de las instituciones del Gabinete Social de la Presidencia de la Rep\u00fablica.<\/p>\n<p><img decoding=\"async\" class=\"alignnone size-medium wp-image-2481\" src=\"https:\/\/snj.gov.py\/2023\/wp-content\/uploads\/2024\/05\/WhatsApp-Image-2024-05-03-at-10.41.19-1-300x200.jpeg\" alt=\"\" width=\"300\" height=\"200\" srcset=\"https:\/\/snj.gov.py\/2023\/wp-content\/uploads\/2024\/05\/WhatsApp-Image-2024-05-03-at-10.41.19-1-300x200.jpeg 300w, https:\/\/snj.gov.py\/2023\/wp-content\/uploads\/2024\/05\/WhatsApp-Image-2024-05-03-at-10.41.19-1-768x512.jpeg 768w, https:\/\/snj.gov.py\/2023\/wp-content\/uploads\/2024\/05\/WhatsApp-Image-2024-05-03-at-10.41.19-1-1536x1024.jpeg 1536w, https:\/\/snj.gov.py\/2023\/wp-content\/uploads\/2024\/05\/WhatsApp-Image-2024-05-03-at-10.41.19-1-2048x1365.jpeg 2048w\" sizes=\"(max-width: 300px) 100vw, 300px\" \/><\/p>\n<p>Juntos, avanzamos hacia un futuro m\u00e1s inclusivo y pr\u00f3spero para todos.<\/p>\n<p><img decoding=\"async\" class=\"alignnone size-medium wp-image-2482\" src=\"https:\/\/snj.gov.py\/2023\/wp-content\/uploads\/2024\/05\/WhatsApp-Image-2024-05-03-at-10.41.16-300x200.jpeg\" alt=\"\" width=\"300\" height=\"200\" srcset=\"https:\/\/snj.gov.py\/2023\/wp-content\/uploads\/2024\/05\/WhatsApp-Image-2024-05-03-at-10.41.16-300x200.jpeg 300w, https:\/\/snj.gov.py\/2023\/wp-content\/uploads\/2024\/05\/WhatsApp-Image-2024-05-03-at-10.41.16-768x512.jpeg 768w, https:\/\/snj.gov.py\/2023\/wp-content\/uploads\/2024\/05\/WhatsApp-Image-2024-05-03-at-10.41.16-1536x1024.jpeg 1536w, https:\/\/snj.gov.py\/2023\/wp-content\/uploads\/2024\/05\/WhatsApp-Image-2024-05-03-at-10.41.16-2048x1365.jpeg 2048w\" sizes=\"(max-width: 300px) 100vw, 300px\" \/><\/p>\n","protected":false},"excerpt":{"rendered":"<p>Acompa\u00f1ando la instalaci\u00f3n de la mesa de protecci\u00f3n social en Villa Franca, junto a la Ministra de la Juventud Florencia Taboada Evreinoff y el Ministro de Desarrollo Social, Tadeo Rojas. Este encuentro encarna el esp\u00edritu del Plan Nacional de Reducci\u00f3n de la Pobreza, promoviendo la participaci\u00f3n activa de la comunidad en la b\u00fasqueda de soluciones, [&hellip;]<\/p>\n","protected":false},"author":8,"featured_media":2483,"comment_status":"open","ping_status":"open","sticky":false,"template":"","format":"standard","meta":{"footnotes":""},"categories":[1],"tags":[],"class_list":["post-2479","post","type-post","status-publish","format-standard","has-post-thumbnail","hentry","category-sin-categoria"],"_links":{"self":[{"href":"https:\/\/snj.gov.py\/2023\/wp-json\/wp\/v2\/posts\/2479","targetHints":{"allow":["GET"]}}],"collection":[{"href":"https:\/\/snj.gov.py\/2023\/wp-json\/wp\/v2\/posts"}],"about":[{"href":"https:\/\/snj.gov.py\/2023\/wp-json\/wp\/v2\/types\/post"}],"author":[{"embeddable":true,"href":"https:\/\/snj.gov.py\/2023\/wp-json\/wp\/v2\/users\/8"}],"replies":[{"embeddable":true,"href":"https:\/\/snj.gov.py\/2023\/wp-json\/wp\/v2\/comments?post=2479"}],"version-history":[{"count":2,"href":"https:\/\/snj.gov.py\/2023\/wp-json\/wp\/v2\/posts\/2479\/revisions"}],"predecessor-version":[{"id":2485,"href":"https:\/\/snj.gov.py\/2023\/wp-json\/wp\/v2\/posts\/2479\/revisions\/2485"}],"wp:featuredmedia":[{"embeddable":true,"href":"https:\/\/snj.gov.py\/2023\/wp-json\/wp\/v2\/media\/2483"}],"wp:attachment":[{"href":"https:\/\/snj.gov.py\/2023\/wp-json\/wp\/v2\/media?parent=2479"}],"wp:term":[{"taxonomy":"category","embeddable":true,"href":"https:\/\/snj.gov.py\/2023\/wp-json\/wp\/v2\/categories?post=2479"},{"taxonomy":"post_tag","embeddable":true,"href":"https:\/\/snj.gov.py\/2023\/wp-json\/wp\/v2\/tags?post=2479"}],"curies":[{"name":"wp","href":"https:\/\/api.w.org\/{rel}","templated":true}]}}