{"id":2468,"date":"2024-04-25T15:00:54","date_gmt":"2024-04-25T19:00:54","guid":{"rendered":"https:\/\/snj.gov.py\/2023\/?p=2468"},"modified":"2024-05-02T09:53:11","modified_gmt":"2024-05-02T13:53:11","slug":"expo-feria-de-carreras-tic","status":"publish","type":"post","link":"https:\/\/snj.gov.py\/2023\/expo-feria-de-carreras-tic\/","title":{"rendered":"Expo Feria De Carreras TIC"},"content":{"rendered":"<p><span>Esta ma\u00f1ana la Ministra Florencia Taboada Evreinoff, e<\/span><span>stuvo presente en la \u201cExpo Feria De Carreras TIC\u201d, un evento muy especial en honor al D\u00eda Internacional de las Ni\u00f1as en las Tecnolog\u00edas de la Informaci\u00f3n y la Comunicaci\u00f3n.<\/span><\/p>\n<p><span>Creemos firmemente en el poder transformador de la educaci\u00f3n y la inspiraci\u00f3n, y eventos como este son cruciales para abrir puertas y construir un futuro m\u00e1s inclusivo y equitativo para todos.\u00a0<\/span><\/p>\n<p><img fetchpriority=\"high\" decoding=\"async\" class=\"alignnone size-medium wp-image-2470\" src=\"https:\/\/snj.gov.py\/2023\/wp-content\/uploads\/2024\/05\/WhatsApp-Image-2024-04-25-at-11.11.15-2-300x200.jpeg\" alt=\"\" width=\"300\" height=\"200\" srcset=\"https:\/\/snj.gov.py\/2023\/wp-content\/uploads\/2024\/05\/WhatsApp-Image-2024-04-25-at-11.11.15-2-300x200.jpeg 300w, https:\/\/snj.gov.py\/2023\/wp-content\/uploads\/2024\/05\/WhatsApp-Image-2024-04-25-at-11.11.15-2-768x512.jpeg 768w, https:\/\/snj.gov.py\/2023\/wp-content\/uploads\/2024\/05\/WhatsApp-Image-2024-04-25-at-11.11.15-2-1536x1024.jpeg 1536w, https:\/\/snj.gov.py\/2023\/wp-content\/uploads\/2024\/05\/WhatsApp-Image-2024-04-25-at-11.11.15-2-2048x1365.jpeg 2048w\" sizes=\"(max-width: 300px) 100vw, 300px\" \/> <img decoding=\"async\" class=\"alignnone size-medium wp-image-2471\" src=\"https:\/\/snj.gov.py\/2023\/wp-content\/uploads\/2024\/05\/WhatsApp-Image-2024-04-25-at-11.11.15-1-300x200.jpeg\" alt=\"\" width=\"300\" height=\"200\" srcset=\"https:\/\/snj.gov.py\/2023\/wp-content\/uploads\/2024\/05\/WhatsApp-Image-2024-04-25-at-11.11.15-1-300x200.jpeg 300w, https:\/\/snj.gov.py\/2023\/wp-content\/uploads\/2024\/05\/WhatsApp-Image-2024-04-25-at-11.11.15-1-768x512.jpeg 768w, https:\/\/snj.gov.py\/2023\/wp-content\/uploads\/2024\/05\/WhatsApp-Image-2024-04-25-at-11.11.15-1-1536x1024.jpeg 1536w, https:\/\/snj.gov.py\/2023\/wp-content\/uploads\/2024\/05\/WhatsApp-Image-2024-04-25-at-11.11.15-1-2048x1365.jpeg 2048w\" sizes=\"(max-width: 300px) 100vw, 300px\" \/><\/p>\n","protected":false},"excerpt":{"rendered":"<p>Esta ma\u00f1ana la Ministra Florencia Taboada Evreinoff, estuvo presente en la \u201cExpo Feria De Carreras TIC\u201d, un evento muy especial en honor al D\u00eda Internacional de las Ni\u00f1as en las Tecnolog\u00edas de la Informaci\u00f3n y la Comunicaci\u00f3n. Creemos firmemente en el poder transformador de la educaci\u00f3n y la inspiraci\u00f3n, y eventos como este son cruciales [&hellip;]<\/p>\n","protected":false},"author":8,"featured_media":2469,"comment_status":"open","ping_status":"open","sticky":false,"template":"","format":"standard","meta":{"footnotes":""},"categories":[1],"tags":[],"class_list":["post-2468","post","type-post","status-publish","format-standard","has-post-thumbnail","hentry","category-sin-categoria"],"_links":{"self":[{"href":"https:\/\/snj.gov.py\/2023\/wp-json\/wp\/v2\/posts\/2468","targetHints":{"allow":["GET"]}}],"collection":[{"href":"https:\/\/snj.gov.py\/2023\/wp-json\/wp\/v2\/posts"}],"about":[{"href":"https:\/\/snj.gov.py\/2023\/wp-json\/wp\/v2\/types\/post"}],"author":[{"embeddable":true,"href":"https:\/\/snj.gov.py\/2023\/wp-json\/wp\/v2\/users\/8"}],"replies":[{"embeddable":true,"href":"https:\/\/snj.gov.py\/2023\/wp-json\/wp\/v2\/comments?post=2468"}],"version-history":[{"count":1,"href":"https:\/\/snj.gov.py\/2023\/wp-json\/wp\/v2\/posts\/2468\/revisions"}],"predecessor-version":[{"id":2472,"href":"https:\/\/snj.gov.py\/2023\/wp-json\/wp\/v2\/posts\/2468\/revisions\/2472"}],"wp:featuredmedia":[{"embeddable":true,"href":"https:\/\/snj.gov.py\/2023\/wp-json\/wp\/v2\/media\/2469"}],"wp:attachment":[{"href":"https:\/\/snj.gov.py\/2023\/wp-json\/wp\/v2\/media?parent=2468"}],"wp:term":[{"taxonomy":"category","embeddable":true,"href":"https:\/\/snj.gov.py\/2023\/wp-json\/wp\/v2\/categories?post=2468"},{"taxonomy":"post_tag","embeddable":true,"href":"https:\/\/snj.gov.py\/2023\/wp-json\/wp\/v2\/tags?post=2468"}],"curies":[{"name":"wp","href":"https:\/\/api.w.org\/{rel}","templated":true}]}}