{"id":1920,"date":"2023-10-25T15:43:30","date_gmt":"2023-10-25T18:43:30","guid":{"rendered":"https:\/\/snj.gov.py\/2023\/?p=1920"},"modified":"2024-04-12T11:51:52","modified_gmt":"2024-04-12T15:51:52","slug":"la-snj-y-el-ministerio-de-la-mujer-firmaron-convenio-de-cooperacion","status":"publish","type":"post","link":"https:\/\/snj.gov.py\/2023\/la-snj-y-el-ministerio-de-la-mujer-firmaron-convenio-de-cooperacion\/","title":{"rendered":"La SNJ y el Ministerio de la Mujer firmaron convenio de cooperaci\u00f3n"},"content":{"rendered":"<p>La Secretar\u00eda Nacional de la Juventud y el Ministerio de la Mujer, firmaron este mi\u00e9rcoles un convenio con el objetivo de establecer una articulaci\u00f3n interinstitucional para la cooperaci\u00f3n mutua, tendiente al desarrollo de las pol\u00edticas p\u00fablicas, comunes a ambas instituciones, a trav\u00e9s de la elaboraci\u00f3n de planes y proyectos conjuntos.<\/p>\n<p>Durante el acto, la ministra de la Secretar\u00eda Nacional de la Juventud, Econ. Florencia Taboada Evreinoff, refiri\u00f3 que, \u201ctenemos grandes desaf\u00edos con la juventud paraguaya y el rol del Ministerio de la Mujer va ser fundamental para trabajar esas pol\u00edticas p\u00fablicas para las y los j\u00f3venes en general, es muy positivo trabajar con una instituci\u00f3n tan sensible, por sobre todo por las estad\u00edsticas a lo que hace a la violencia contra las mujeres j\u00f3venes\u201d.<\/p>\n<p>Por su parte, la ministra de la Mujer, Cynthia Figueredo indic\u00f3 \u201cestamos convencidas de que la juventud es el mecanismo y el puente que nos va a ayudar a difundir esta visi\u00f3n que tenemos en conjunto, queremos trabajar muy de cerca con las mujeres j\u00f3venes, pero, sobre todo, queremos llegar a los hombres y crear conciencia a trav\u00e9s de la campa\u00f1a de Noviazgo sin Violencia\u201d, resalt\u00f3.<\/p>\n<p>\u201cEn la Secretar\u00eda Nacional de la Juventud queremos tener a las personas como formador de formadores de la igualdad y de esa manera poder replicar todo lo que nosotras venimos realizando, la juventud es parte muy importante de este plan de acci\u00f3n, confiamos en esta articulaci\u00f3n y en todas las acciones que llevaremos adelante\u201d, a\u00f1adi\u00f3.<\/p>\n<p>Fuente: Web Min. Mujer<\/p>\n<p><img decoding=\"async\" class=\"alignnone size-medium wp-image-1922\" src=\"https:\/\/snj.gov.py\/2023\/wp-content\/uploads\/2023\/10\/WhatsApp-Image-2023-10-25-at-13.15.59-300x133.jpeg\" alt=\"\" width=\"300\" height=\"133\" srcset=\"https:\/\/snj.gov.py\/2023\/wp-content\/uploads\/2023\/10\/WhatsApp-Image-2023-10-25-at-13.15.59-300x133.jpeg 300w, https:\/\/snj.gov.py\/2023\/wp-content\/uploads\/2023\/10\/WhatsApp-Image-2023-10-25-at-13.15.59-768x341.jpeg 768w, https:\/\/snj.gov.py\/2023\/wp-content\/uploads\/2023\/10\/WhatsApp-Image-2023-10-25-at-13.15.59-1536x682.jpeg 1536w, https:\/\/snj.gov.py\/2023\/wp-content\/uploads\/2023\/10\/WhatsApp-Image-2023-10-25-at-13.15.59.jpeg 1600w\" sizes=\"(max-width: 300px) 100vw, 300px\" \/> <img fetchpriority=\"high\" decoding=\"async\" class=\"alignnone size-medium wp-image-1923\" src=\"https:\/\/snj.gov.py\/2023\/wp-content\/uploads\/2023\/10\/WhatsApp-Image-2023-10-25-at-13.10.36-300x200.jpeg\" alt=\"\" width=\"300\" height=\"200\" srcset=\"https:\/\/snj.gov.py\/2023\/wp-content\/uploads\/2023\/10\/WhatsApp-Image-2023-10-25-at-13.10.36-300x200.jpeg 300w, https:\/\/snj.gov.py\/2023\/wp-content\/uploads\/2023\/10\/WhatsApp-Image-2023-10-25-at-13.10.36-768x512.jpeg 768w, https:\/\/snj.gov.py\/2023\/wp-content\/uploads\/2023\/10\/WhatsApp-Image-2023-10-25-at-13.10.36-1536x1024.jpeg 1536w, https:\/\/snj.gov.py\/2023\/wp-content\/uploads\/2023\/10\/WhatsApp-Image-2023-10-25-at-13.10.36-2048x1365.jpeg 2048w\" sizes=\"(max-width: 300px) 100vw, 300px\" \/><\/p>\n","protected":false},"excerpt":{"rendered":"<p>La Secretar\u00eda Nacional de la Juventud y el Ministerio de la Mujer, firmaron este mi\u00e9rcoles un convenio con el objetivo de establecer una articulaci\u00f3n interinstitucional para la cooperaci\u00f3n mutua, tendiente al desarrollo de las pol\u00edticas p\u00fablicas, comunes a ambas instituciones, a trav\u00e9s de la elaboraci\u00f3n de planes y proyectos conjuntos. Durante el acto, la ministra [&hellip;]<\/p>\n","protected":false},"author":8,"featured_media":1921,"comment_status":"open","ping_status":"open","sticky":false,"template":"","format":"standard","meta":{"footnotes":""},"categories":[33],"tags":[],"class_list":["post-1920","post","type-post","status-publish","format-standard","has-post-thumbnail","hentry","category-convenios"],"_links":{"self":[{"href":"https:\/\/snj.gov.py\/2023\/wp-json\/wp\/v2\/posts\/1920","targetHints":{"allow":["GET"]}}],"collection":[{"href":"https:\/\/snj.gov.py\/2023\/wp-json\/wp\/v2\/posts"}],"about":[{"href":"https:\/\/snj.gov.py\/2023\/wp-json\/wp\/v2\/types\/post"}],"author":[{"embeddable":true,"href":"https:\/\/snj.gov.py\/2023\/wp-json\/wp\/v2\/users\/8"}],"replies":[{"embeddable":true,"href":"https:\/\/snj.gov.py\/2023\/wp-json\/wp\/v2\/comments?post=1920"}],"version-history":[{"count":2,"href":"https:\/\/snj.gov.py\/2023\/wp-json\/wp\/v2\/posts\/1920\/revisions"}],"predecessor-version":[{"id":1925,"href":"https:\/\/snj.gov.py\/2023\/wp-json\/wp\/v2\/posts\/1920\/revisions\/1925"}],"wp:featuredmedia":[{"embeddable":true,"href":"https:\/\/snj.gov.py\/2023\/wp-json\/wp\/v2\/media\/1921"}],"wp:attachment":[{"href":"https:\/\/snj.gov.py\/2023\/wp-json\/wp\/v2\/media?parent=1920"}],"wp:term":[{"taxonomy":"category","embeddable":true,"href":"https:\/\/snj.gov.py\/2023\/wp-json\/wp\/v2\/categories?post=1920"},{"taxonomy":"post_tag","embeddable":true,"href":"https:\/\/snj.gov.py\/2023\/wp-json\/wp\/v2\/tags?post=1920"}],"curies":[{"name":"wp","href":"https:\/\/api.w.org\/{rel}","templated":true}]}}