{"id":1889,"date":"2023-10-16T14:48:30","date_gmt":"2023-10-16T17:48:30","guid":{"rendered":"https:\/\/snj.gov.py\/2023\/?p=1889"},"modified":"2023-10-16T14:48:30","modified_gmt":"2023-10-16T17:48:30","slug":"ministra-converso-sobre-politicas-publicas-con-jovenes-de-itapua","status":"publish","type":"post","link":"https:\/\/snj.gov.py\/2023\/ministra-converso-sobre-politicas-publicas-con-jovenes-de-itapua\/","title":{"rendered":"Ministra convers\u00f3 sobre \u201cPol\u00edticas P\u00fablicas\u201d con j\u00f3venes de Itap\u00faa"},"content":{"rendered":"<p>La Ministra de la Juventud, Econ. Florencia Taboada Evreinoff, realiz\u00f3 una este viernes una disertaci\u00f3n sobre \u201cPol\u00edticas P\u00fablicas para la Juventud\u201d, en un encuentro organizado por alumnos de la Universidad Cat\u00f3lica de Itap\u00faa. Durante la reuni\u00f3n se habl\u00f3 de la visi\u00f3n y misi\u00f3n de la Secretar\u00eda Nacional de la Juventud (SNJ), los proyectos que se vienen trabajando para generar oportunidades.<\/p>\n<p>La Titular de la SNJ se\u00f1al\u00f3 la importancia del involucramiento joven en la vida, social, pol\u00edtica y democr\u00e1tica del pa\u00eds. Valor\u00f3 el aumento de la participaci\u00f3n de los j\u00f3venes en las pasadas elecciones, teniendo en cuenta que exist\u00eda una tendencia y un pensamiento negativo de la juventud para ser parte de las jornadas eleccionarias.<\/p>\n<p>\u201cLa juventud es trasversal a todas las pol\u00edticas p\u00fablicas que se generen desde los gobiernos, sea el color que sea, porque somos el pa\u00eds que tiene el bono demogr\u00e1fico juvenil m\u00e1s alto de la regi\u00f3n y este dato hace que nuestra participaci\u00f3n en cualquier trabajo de pol\u00edticas p\u00fablicas sea muy importante\u201d, manifest\u00f3.<\/p>\n<p>Mencion\u00f3, adem\u00e1s, la necesidad de estructurar mejor el acceso al primer empleo, atenci\u00f3n a la salud mental juvenil, entre otros temas de inter\u00e9s de los j\u00f3venes presentes en el encuentro.<\/p>\n<p>Posteriormente, la jornada sigui\u00f3 el s\u00e1bado con otra reuni\u00f3n con j\u00f3venes, donde la Titular de la SNJ manifest\u00f3 que se trabajar\u00e1 en m\u00e1s oportunidades para el departamento de Itap\u00faa, donde existe una poblaci\u00f3n joven importante y constituye en uno de los motores para el pa\u00eds.<\/p>\n","protected":false},"excerpt":{"rendered":"<p>La Ministra de la Juventud, Econ. Florencia Taboada Evreinoff, realiz\u00f3 una este viernes una disertaci\u00f3n sobre \u201cPol\u00edticas P\u00fablicas para la Juventud\u201d, en un encuentro organizado por alumnos de la Universidad Cat\u00f3lica de Itap\u00faa. Durante la reuni\u00f3n se habl\u00f3 de la visi\u00f3n y misi\u00f3n de la Secretar\u00eda Nacional de la Juventud (SNJ), los proyectos que se [&hellip;]<\/p>\n","protected":false},"author":8,"featured_media":1890,"comment_status":"open","ping_status":"open","sticky":false,"template":"","format":"standard","meta":{"footnotes":""},"categories":[1],"tags":[],"class_list":["post-1889","post","type-post","status-publish","format-standard","has-post-thumbnail","hentry","category-sin-categoria"],"_links":{"self":[{"href":"https:\/\/snj.gov.py\/2023\/wp-json\/wp\/v2\/posts\/1889","targetHints":{"allow":["GET"]}}],"collection":[{"href":"https:\/\/snj.gov.py\/2023\/wp-json\/wp\/v2\/posts"}],"about":[{"href":"https:\/\/snj.gov.py\/2023\/wp-json\/wp\/v2\/types\/post"}],"author":[{"embeddable":true,"href":"https:\/\/snj.gov.py\/2023\/wp-json\/wp\/v2\/users\/8"}],"replies":[{"embeddable":true,"href":"https:\/\/snj.gov.py\/2023\/wp-json\/wp\/v2\/comments?post=1889"}],"version-history":[{"count":1,"href":"https:\/\/snj.gov.py\/2023\/wp-json\/wp\/v2\/posts\/1889\/revisions"}],"predecessor-version":[{"id":1891,"href":"https:\/\/snj.gov.py\/2023\/wp-json\/wp\/v2\/posts\/1889\/revisions\/1891"}],"wp:featuredmedia":[{"embeddable":true,"href":"https:\/\/snj.gov.py\/2023\/wp-json\/wp\/v2\/media\/1890"}],"wp:attachment":[{"href":"https:\/\/snj.gov.py\/2023\/wp-json\/wp\/v2\/media?parent=1889"}],"wp:term":[{"taxonomy":"category","embeddable":true,"href":"https:\/\/snj.gov.py\/2023\/wp-json\/wp\/v2\/categories?post=1889"},{"taxonomy":"post_tag","embeddable":true,"href":"https:\/\/snj.gov.py\/2023\/wp-json\/wp\/v2\/tags?post=1889"}],"curies":[{"name":"wp","href":"https:\/\/api.w.org\/{rel}","templated":true}]}}