{"id":1847,"date":"2023-10-04T12:21:59","date_gmt":"2023-10-04T15:21:59","guid":{"rendered":"https:\/\/snj.gov.py\/2023\/?p=1847"},"modified":"2023-10-06T16:25:20","modified_gmt":"2023-10-06T19:25:20","slug":"la-snj-invita-a-festejar-la-juventud-y-la-primavera-en-el-festival-joven","status":"publish","type":"post","link":"https:\/\/snj.gov.py\/2023\/la-snj-invita-a-festejar-la-juventud-y-la-primavera-en-el-festival-joven\/","title":{"rendered":"La SNJ invita a festejar la Juventud y la primavera en el Festival Joven"},"content":{"rendered":"<p>La Secretar\u00eda Nacional de la Juventud (SNJ), invita a todos los j\u00f3venes del pa\u00eds a seguir festejando la Juventud y la primavera en el Festival Joven, que se realizar\u00e1 este s\u00e1bado 7 de octubre de 2023, en la Plaza Uruguaya desde las 14:00.<\/p>\n<p>El evento iniciar\u00e1 desde tempranas horas con la Feria Gastron\u00f3mica y la Feria de Emprendedores, donde los visitantes podr\u00e1n recorrer los stands y conocer m\u00e1s de nuestra cultura y el trabajo de compatriotas.<\/p>\n<p>El Festival Joven proseguir\u00e1 con la aparici\u00f3n en escena de varios grupos nacionales de primer nivel, como N\u00e9stor Lo, KitaPena, Legi\u00f3n, Farfalla, JuanPa Alfonso, Ballet Folcl\u00f3rico municipal, entre otros, quienes animar\u00e1n la fiesta hasta altas horas de la noche, con mensajes positivos para la Juventud paraguaya.<br \/>\nCabe se\u00f1alar que calles adyacentes a la Plaza se volver\u00e1n peatonales, para la mejor circulaci\u00f3n de las personas que se llegan a la zona, adem\u00e1s de contar con toda la seguridad para evitar inconvenientes.<\/p>\n<p>La SNJ cont\u00f3 con el fuerte apoyo de la Presidencia de la Rep\u00fablica, la Oficina de la Primera Dama, la Secretar\u00eda Nacional de Cultura (SNC), Ministerio de Trabajo, Empleo y Seguridad Social (MTESS), Instituto Paraguayo de Artesan\u00eda (IPA), ANDE, ESSAP, Ministerio de Tecnolog\u00eda e Informaci\u00f3n (MITIC), Entidad Binacional Itaip\u00fa, Direcci\u00f3n Nacional de Propiedad Intelectual (Dinapi),<\/p>\n","protected":false},"excerpt":{"rendered":"<p>La Secretar\u00eda Nacional de la Juventud (SNJ), invita a todos los j\u00f3venes del pa\u00eds a seguir festejando la Juventud y la primavera en el Festival Joven, que se realizar\u00e1 este s\u00e1bado 7 de octubre de 2023, en la Plaza Uruguaya desde las 14:00. El evento iniciar\u00e1 desde tempranas horas con la Feria Gastron\u00f3mica y la [&hellip;]<\/p>\n","protected":false},"author":8,"featured_media":1848,"comment_status":"open","ping_status":"open","sticky":false,"template":"","format":"standard","meta":{"footnotes":""},"categories":[1],"tags":[],"class_list":["post-1847","post","type-post","status-publish","format-standard","has-post-thumbnail","hentry","category-sin-categoria"],"_links":{"self":[{"href":"https:\/\/snj.gov.py\/2023\/wp-json\/wp\/v2\/posts\/1847","targetHints":{"allow":["GET"]}}],"collection":[{"href":"https:\/\/snj.gov.py\/2023\/wp-json\/wp\/v2\/posts"}],"about":[{"href":"https:\/\/snj.gov.py\/2023\/wp-json\/wp\/v2\/types\/post"}],"author":[{"embeddable":true,"href":"https:\/\/snj.gov.py\/2023\/wp-json\/wp\/v2\/users\/8"}],"replies":[{"embeddable":true,"href":"https:\/\/snj.gov.py\/2023\/wp-json\/wp\/v2\/comments?post=1847"}],"version-history":[{"count":2,"href":"https:\/\/snj.gov.py\/2023\/wp-json\/wp\/v2\/posts\/1847\/revisions"}],"predecessor-version":[{"id":1868,"href":"https:\/\/snj.gov.py\/2023\/wp-json\/wp\/v2\/posts\/1847\/revisions\/1868"}],"wp:featuredmedia":[{"embeddable":true,"href":"https:\/\/snj.gov.py\/2023\/wp-json\/wp\/v2\/media\/1848"}],"wp:attachment":[{"href":"https:\/\/snj.gov.py\/2023\/wp-json\/wp\/v2\/media?parent=1847"}],"wp:term":[{"taxonomy":"category","embeddable":true,"href":"https:\/\/snj.gov.py\/2023\/wp-json\/wp\/v2\/categories?post=1847"},{"taxonomy":"post_tag","embeddable":true,"href":"https:\/\/snj.gov.py\/2023\/wp-json\/wp\/v2\/tags?post=1847"}],"curies":[{"name":"wp","href":"https:\/\/api.w.org\/{rel}","templated":true}]}}