{"id":1818,"date":"2023-09-27T13:33:29","date_gmt":"2023-09-27T17:33:29","guid":{"rendered":"https:\/\/snj.gov.py\/2023\/?p=1818"},"modified":"2023-09-27T13:33:49","modified_gmt":"2023-09-27T17:33:49","slug":"guaira-fuerte-apoyo-de-la-snj-a-la-expoferia-de-emprendedores","status":"publish","type":"post","link":"https:\/\/snj.gov.py\/2023\/guaira-fuerte-apoyo-de-la-snj-a-la-expoferia-de-emprendedores\/","title":{"rendered":"Guair\u00e1: Fuerte apoyo de la SNJ a la Expoferia de emprendedores"},"content":{"rendered":"<div>Con gran \u00e9xito se llev\u00f3 adelante la Expoferia de Emprendedores en la ciudad de Villarrica, departamento de Guair\u00e1, con presencia de la Ministra de la Juventud; Florencia Taboada y la Primera Dama de la Naci\u00f3n; Leticia Ocampo, quienes estuvieron acompa\u00f1adas del Gobernador de Guair\u00e1, C\u00e9sar Sosa y su se\u00f1ora esposa, Alejandra Bellenzier.<\/div>\n<div><\/div>\n<div>Se trata de Primera Edici\u00f3n de la Expoferia de emprendedores, artistas, artesanos y productores del Guair\u00e1, organizada por la Gobernaci\u00f3n del Guair\u00e1 con apoyo de la Oficina de la Primera Dama (OPD), el Ministerio de Trabajo, Empleo y Seguridad Social y la Secretar\u00eda Nacional de la Juventud (SNJ).<\/div>\n<div><\/div>\n<div>La jornada comenz\u00f3 con un recorrido por las distintas stand de expositores, con quienes conversaron sobre sus respectivos trabajos y t\u00e9cnicas utilizadas. Adem\u00e1s, se vivieron momentos muy emotivos con representaciones art\u00edsticas y concierto del arpa paraguaya.<\/div>\n<div><\/div>\n<div>La actividad forma parte de las iniciativas de la SNJ por el Mes de la Juventud, en conjunto con otras instituciones, apoyando siempre a los j\u00f3venes que buscan oportunidades, apoyo y acompa\u00f1amiento en sus diversos proyectos.<\/div>\n<div><\/div>\n<div><strong>EXPOSITORES:<\/strong><\/div>\n<div>\u2022 Artesanas de Ao Po\u2019i (Cuna del Ao Po\u2019i \u2013 Yataity)<\/div>\n<div>\u2022 Pinturas art\u00edsticas (Asociaci\u00f3n de Artistas Pl\u00e1sticos del Guair\u00e1)<\/div>\n<div>\u2022 Reposter\u00eda (Villarrica)<\/div>\n<div>\u2022 Productores Frutihort\u00edcolas (Mauricio Jos\u00e9 Troche, Independencia y Borja)<\/div>\n<div>\u2022 Producci\u00f3n de Oveja (Asociaci\u00f3n Ovinocultores del Guair\u00e1)<\/div>\n<div><\/div>\n<div><strong>\u2022 J\u00f3venes emprendedores:<\/strong><\/div>\n<div>&#8211; Cester\u00eda (Sambori)<\/div>\n<div>&#8211; Pirograbado (Independencia)<\/div>\n<div>&#8211; Ploteados (Independencia)<\/div>\n<div>&#8211; Emprendedores (De Mauricio Jos\u00e9 Troche)<\/div>\n<div>&#8211; Emprendedor de CEster\u00eda (Pueblos Originarios \u2013 Vega Kue)<\/div>\n","protected":false},"excerpt":{"rendered":"<p>Con gran \u00e9xito se llev\u00f3 adelante la Expoferia de Emprendedores en la ciudad de Villarrica, departamento de Guair\u00e1, con presencia de la Ministra de la Juventud; Florencia Taboada y la Primera Dama de la Naci\u00f3n; Leticia Ocampo, quienes estuvieron acompa\u00f1adas del Gobernador de Guair\u00e1, C\u00e9sar Sosa y su se\u00f1ora esposa, Alejandra Bellenzier. Se trata de [&hellip;]<\/p>\n","protected":false},"author":8,"featured_media":1819,"comment_status":"open","ping_status":"open","sticky":false,"template":"","format":"standard","meta":{"footnotes":""},"categories":[1],"tags":[],"class_list":["post-1818","post","type-post","status-publish","format-standard","has-post-thumbnail","hentry","category-sin-categoria"],"_links":{"self":[{"href":"https:\/\/snj.gov.py\/2023\/wp-json\/wp\/v2\/posts\/1818","targetHints":{"allow":["GET"]}}],"collection":[{"href":"https:\/\/snj.gov.py\/2023\/wp-json\/wp\/v2\/posts"}],"about":[{"href":"https:\/\/snj.gov.py\/2023\/wp-json\/wp\/v2\/types\/post"}],"author":[{"embeddable":true,"href":"https:\/\/snj.gov.py\/2023\/wp-json\/wp\/v2\/users\/8"}],"replies":[{"embeddable":true,"href":"https:\/\/snj.gov.py\/2023\/wp-json\/wp\/v2\/comments?post=1818"}],"version-history":[{"count":2,"href":"https:\/\/snj.gov.py\/2023\/wp-json\/wp\/v2\/posts\/1818\/revisions"}],"predecessor-version":[{"id":1821,"href":"https:\/\/snj.gov.py\/2023\/wp-json\/wp\/v2\/posts\/1818\/revisions\/1821"}],"wp:featuredmedia":[{"embeddable":true,"href":"https:\/\/snj.gov.py\/2023\/wp-json\/wp\/v2\/media\/1819"}],"wp:attachment":[{"href":"https:\/\/snj.gov.py\/2023\/wp-json\/wp\/v2\/media?parent=1818"}],"wp:term":[{"taxonomy":"category","embeddable":true,"href":"https:\/\/snj.gov.py\/2023\/wp-json\/wp\/v2\/categories?post=1818"},{"taxonomy":"post_tag","embeddable":true,"href":"https:\/\/snj.gov.py\/2023\/wp-json\/wp\/v2\/tags?post=1818"}],"curies":[{"name":"wp","href":"https:\/\/api.w.org\/{rel}","templated":true}]}}