{"id":1791,"date":"2023-09-20T09:17:30","date_gmt":"2023-09-20T13:17:30","guid":{"rendered":"https:\/\/snj.gov.py\/2023\/?p=1791"},"modified":"2023-09-20T15:13:31","modified_gmt":"2023-09-20T19:13:31","slug":"snj-presente-en-la-apertura-de-la-asamblea-de-las-naciones-unidas","status":"publish","type":"post","link":"https:\/\/snj.gov.py\/2023\/snj-presente-en-la-apertura-de-la-asamblea-de-las-naciones-unidas\/","title":{"rendered":"SNJ presente en la Apertura de la Asamblea de las Naciones Unidas"},"content":{"rendered":"<p>La Ministra de la Secretar\u00eda Nacional de la Juventud (SNJ), Econ. Florencia Taboada, se encuentra en New York, acompa\u00f1ando a la Delegaci\u00f3n Oficial Paraguaya encabezada por el Presidente de la Rep\u00fablica, Santiago Pe\u00f1a, para participar de la Apertura 78\u00b0 periodo de sesiones de la Asamblea de las Naciones Unidas.<\/p>\n<p>La misma fue invitada por el Organismo Internacional de la Juventud (OIJ), donde tambi\u00e9n participar\u00e1 de las actividades programadas por esta instituci\u00f3n.<\/p>\n<p>Las actividades de este Organismo se enmarcan en el proceso de conformaci\u00f3n de la Nueva Agenda de Juventudes que tiene como prop\u00f3sito el fortalecimiento, adem\u00e1s de ampliar alianzas con las Agencias y Programas de las Naciones Unidas, as\u00ed como con gobiernos iberoamericanos y con altos representantes gubernamentales de terceros pa\u00edses, para consolidar un acuerdo multilateral para la superaci\u00f3n de brechas y para el impulso del rol transformador de los j\u00f3venes, en el \u00e1mbito del desarrollo sostenible.<\/p>\n<p>Recordemos que el se\u00f1or Presidente de la Rep\u00fablica, Santiago Pe\u00f1a, dio ayer martes su discurso ante la ONU, donde entre otras cosas, se\u00f1al\u00f3 que Paraguay hoy est\u00e1 de pie y listo para cumplir su misi\u00f3n ante la historia. \u201cPor ello hablamos del \u201cresurgir de un gigante\u201d, pero no lo hacemos con un af\u00e1n expansionista o grandilocuente, sino con una firme convicci\u00f3n de un pueblo orgulloso de sus ra\u00edces, de su historia heroica y aguerrida y con la m\u00e1s profunda convicci\u00f3n de su destino de grandeza\u201d, apunt\u00f3.<\/p>\n<p><img fetchpriority=\"high\" decoding=\"async\" class=\"alignnone size-medium wp-image-1792\" src=\"https:\/\/snj.gov.py\/2023\/wp-content\/uploads\/2023\/09\/F6eC7LGXAAAAgRy-225x300.jpeg\" alt=\"\" width=\"225\" height=\"300\" srcset=\"https:\/\/snj.gov.py\/2023\/wp-content\/uploads\/2023\/09\/F6eC7LGXAAAAgRy-225x300.jpeg 225w, https:\/\/snj.gov.py\/2023\/wp-content\/uploads\/2023\/09\/F6eC7LGXAAAAgRy-768x1024.jpeg 768w, https:\/\/snj.gov.py\/2023\/wp-content\/uploads\/2023\/09\/F6eC7LGXAAAAgRy-1152x1536.jpeg 1152w, https:\/\/snj.gov.py\/2023\/wp-content\/uploads\/2023\/09\/F6eC7LGXAAAAgRy.jpeg 1536w\" sizes=\"(max-width: 225px) 100vw, 225px\" \/><img decoding=\"async\" class=\"alignnone size-medium wp-image-1794\" src=\"https:\/\/snj.gov.py\/2023\/wp-content\/uploads\/2023\/09\/F6eC7LHW8AAMRjZ-225x300.jpeg\" alt=\"\" width=\"225\" height=\"300\" srcset=\"https:\/\/snj.gov.py\/2023\/wp-content\/uploads\/2023\/09\/F6eC7LHW8AAMRjZ-225x300.jpeg 225w, https:\/\/snj.gov.py\/2023\/wp-content\/uploads\/2023\/09\/F6eC7LHW8AAMRjZ-768x1024.jpeg 768w, https:\/\/snj.gov.py\/2023\/wp-content\/uploads\/2023\/09\/F6eC7LHW8AAMRjZ-1152x1536.jpeg 1152w, https:\/\/snj.gov.py\/2023\/wp-content\/uploads\/2023\/09\/F6eC7LHW8AAMRjZ.jpeg 1536w\" sizes=\"(max-width: 225px) 100vw, 225px\" \/><img decoding=\"async\" class=\"alignnone size-medium wp-image-1795\" src=\"https:\/\/snj.gov.py\/2023\/wp-content\/uploads\/2023\/09\/F6eC7LHWYAAccLX-225x300.jpeg\" alt=\"\" width=\"225\" height=\"300\" srcset=\"https:\/\/snj.gov.py\/2023\/wp-content\/uploads\/2023\/09\/F6eC7LHWYAAccLX-225x300.jpeg 225w, https:\/\/snj.gov.py\/2023\/wp-content\/uploads\/2023\/09\/F6eC7LHWYAAccLX-768x1024.jpeg 768w, https:\/\/snj.gov.py\/2023\/wp-content\/uploads\/2023\/09\/F6eC7LHWYAAccLX-1152x1536.jpeg 1152w, https:\/\/snj.gov.py\/2023\/wp-content\/uploads\/2023\/09\/F6eC7LHWYAAccLX.jpeg 1536w\" sizes=\"(max-width: 225px) 100vw, 225px\" \/><\/p>\n<p>&nbsp;<\/p>\n","protected":false},"excerpt":{"rendered":"<p>La Ministra de la Secretar\u00eda Nacional de la Juventud (SNJ), Econ. Florencia Taboada, se encuentra en New York, acompa\u00f1ando a la Delegaci\u00f3n Oficial Paraguaya encabezada por el Presidente de la Rep\u00fablica, Santiago Pe\u00f1a, para participar de la Apertura 78\u00b0 periodo de sesiones de la Asamblea de las Naciones Unidas. La misma fue invitada por el [&hellip;]<\/p>\n","protected":false},"author":8,"featured_media":1793,"comment_status":"open","ping_status":"open","sticky":false,"template":"","format":"standard","meta":{"footnotes":""},"categories":[1],"tags":[],"class_list":["post-1791","post","type-post","status-publish","format-standard","has-post-thumbnail","hentry","category-sin-categoria"],"_links":{"self":[{"href":"https:\/\/snj.gov.py\/2023\/wp-json\/wp\/v2\/posts\/1791","targetHints":{"allow":["GET"]}}],"collection":[{"href":"https:\/\/snj.gov.py\/2023\/wp-json\/wp\/v2\/posts"}],"about":[{"href":"https:\/\/snj.gov.py\/2023\/wp-json\/wp\/v2\/types\/post"}],"author":[{"embeddable":true,"href":"https:\/\/snj.gov.py\/2023\/wp-json\/wp\/v2\/users\/8"}],"replies":[{"embeddable":true,"href":"https:\/\/snj.gov.py\/2023\/wp-json\/wp\/v2\/comments?post=1791"}],"version-history":[{"count":3,"href":"https:\/\/snj.gov.py\/2023\/wp-json\/wp\/v2\/posts\/1791\/revisions"}],"predecessor-version":[{"id":1798,"href":"https:\/\/snj.gov.py\/2023\/wp-json\/wp\/v2\/posts\/1791\/revisions\/1798"}],"wp:featuredmedia":[{"embeddable":true,"href":"https:\/\/snj.gov.py\/2023\/wp-json\/wp\/v2\/media\/1793"}],"wp:attachment":[{"href":"https:\/\/snj.gov.py\/2023\/wp-json\/wp\/v2\/media?parent=1791"}],"wp:term":[{"taxonomy":"category","embeddable":true,"href":"https:\/\/snj.gov.py\/2023\/wp-json\/wp\/v2\/categories?post=1791"},{"taxonomy":"post_tag","embeddable":true,"href":"https:\/\/snj.gov.py\/2023\/wp-json\/wp\/v2\/tags?post=1791"}],"curies":[{"name":"wp","href":"https:\/\/api.w.org\/{rel}","templated":true}]}}