{"id":1706,"date":"2023-09-11T08:57:08","date_gmt":"2023-09-11T12:57:08","guid":{"rendered":"https:\/\/snj.gov.py\/2023\/?p=1706"},"modified":"2023-09-11T14:00:47","modified_gmt":"2023-09-11T18:00:47","slug":"opd-snj-y-mtess-presentaron-la-inspiradora-historia-de-una-joven-destacada-de-concepcion","status":"publish","type":"post","link":"https:\/\/snj.gov.py\/2023\/opd-snj-y-mtess-presentaron-la-inspiradora-historia-de-una-joven-destacada-de-concepcion\/","title":{"rendered":"OPD, SNJ y MTESS presentaron la inspiradora historia de una joven destacada de Concepci\u00f3n"},"content":{"rendered":"<p>En el marco de las actividades conjuntas por el Mes de la Juventud, la Oficina de la Primera Dama, la Secretar\u00eda Nacional de la Juventud (SNJ) y el Ministerio de Trabajo, Empleo y Seguridad Social (MTESS), presentaron el primer video de historias de \u201cJ\u00f3venes Destacados\u201d del pa\u00eds.<\/p>\n<p>Se trata del primero de una serie de cuatro videos relativos al tema que ser\u00e1n publicados en todo el mes de setiembre (uno por semana), dando visibilidad al esfuerzo, la dedicaci\u00f3n, la fuerza y la esperanza de la juventud paraguaya, sobresalientes en distintos \u00e1mbitos como el cultural, deporte, acad\u00e9mico y tecnolog\u00edas.<\/p>\n<p>La presentaci\u00f3n del material estuvo a cargo de las Ministras Florencia Taboada; de la Secretar\u00eda de la Juventud y M\u00f3nica Recalde De Giacomi; del Ministerio del Trabajo, respectivamente.<br \/>\nEl primer video habla de Camila Ortiz, una joven emprendedora destacada de la ciudad de Concepci\u00f3n, reconocida por su comunidad por ser un ejemplo e inspiraci\u00f3n para su pueblo y el pa\u00eds, ganadora adem\u00e1s del premio Capital Semilla 2022 \u2013 ReeMujer. Conoc\u00e9 su historia en las distintas plataformas de Redes Sociales de la SNJ.<\/p>\n<p>La SNJ inici\u00f3 el Mes de la Juventud con la convocatoria para 500 Becas Juventud, en colaboraci\u00f3n con el Organismo Internacional de Juventud (OIJ), adem\u00e1s prev\u00e9 la realizaci\u00f3n de varias actividades en todo setiembre, apuntando a resaltar y dar m\u00e1s protagonismo a los j\u00f3venes del interior del pa\u00eds.<\/p>\n<p><img fetchpriority=\"high\" decoding=\"async\" class=\"alignnone size-medium wp-image-1708\" src=\"https:\/\/snj.gov.py\/2023\/wp-content\/uploads\/2023\/09\/WhatsApp-Image-2023-09-11-at-08.56.02-1-200x300.jpeg\" alt=\"\" width=\"200\" height=\"300\" srcset=\"https:\/\/snj.gov.py\/2023\/wp-content\/uploads\/2023\/09\/WhatsApp-Image-2023-09-11-at-08.56.02-1-200x300.jpeg 200w, https:\/\/snj.gov.py\/2023\/wp-content\/uploads\/2023\/09\/WhatsApp-Image-2023-09-11-at-08.56.02-1-768x1153.jpeg 768w, https:\/\/snj.gov.py\/2023\/wp-content\/uploads\/2023\/09\/WhatsApp-Image-2023-09-11-at-08.56.02-1-1024x1536.jpeg 1024w, https:\/\/snj.gov.py\/2023\/wp-content\/uploads\/2023\/09\/WhatsApp-Image-2023-09-11-at-08.56.02-1-1365x2048.jpeg 1365w, https:\/\/snj.gov.py\/2023\/wp-content\/uploads\/2023\/09\/WhatsApp-Image-2023-09-11-at-08.56.02-1-scaled.jpeg 1706w\" sizes=\"(max-width: 200px) 100vw, 200px\" \/><\/p>\n","protected":false},"excerpt":{"rendered":"<p>En el marco de las actividades conjuntas por el Mes de la Juventud, la Oficina de la Primera Dama, la Secretar\u00eda Nacional de la Juventud (SNJ) y el Ministerio de Trabajo, Empleo y Seguridad Social (MTESS), presentaron el primer video de historias de \u201cJ\u00f3venes Destacados\u201d del pa\u00eds. Se trata del primero de una serie de [&hellip;]<\/p>\n","protected":false},"author":8,"featured_media":1707,"comment_status":"open","ping_status":"open","sticky":false,"template":"","format":"standard","meta":{"footnotes":""},"categories":[1],"tags":[],"class_list":["post-1706","post","type-post","status-publish","format-standard","has-post-thumbnail","hentry","category-sin-categoria"],"_links":{"self":[{"href":"https:\/\/snj.gov.py\/2023\/wp-json\/wp\/v2\/posts\/1706","targetHints":{"allow":["GET"]}}],"collection":[{"href":"https:\/\/snj.gov.py\/2023\/wp-json\/wp\/v2\/posts"}],"about":[{"href":"https:\/\/snj.gov.py\/2023\/wp-json\/wp\/v2\/types\/post"}],"author":[{"embeddable":true,"href":"https:\/\/snj.gov.py\/2023\/wp-json\/wp\/v2\/users\/8"}],"replies":[{"embeddable":true,"href":"https:\/\/snj.gov.py\/2023\/wp-json\/wp\/v2\/comments?post=1706"}],"version-history":[{"count":1,"href":"https:\/\/snj.gov.py\/2023\/wp-json\/wp\/v2\/posts\/1706\/revisions"}],"predecessor-version":[{"id":1709,"href":"https:\/\/snj.gov.py\/2023\/wp-json\/wp\/v2\/posts\/1706\/revisions\/1709"}],"wp:featuredmedia":[{"embeddable":true,"href":"https:\/\/snj.gov.py\/2023\/wp-json\/wp\/v2\/media\/1707"}],"wp:attachment":[{"href":"https:\/\/snj.gov.py\/2023\/wp-json\/wp\/v2\/media?parent=1706"}],"wp:term":[{"taxonomy":"category","embeddable":true,"href":"https:\/\/snj.gov.py\/2023\/wp-json\/wp\/v2\/categories?post=1706"},{"taxonomy":"post_tag","embeddable":true,"href":"https:\/\/snj.gov.py\/2023\/wp-json\/wp\/v2\/tags?post=1706"}],"curies":[{"name":"wp","href":"https:\/\/api.w.org\/{rel}","templated":true}]}}