{"id":1640,"date":"2023-08-30T13:14:12","date_gmt":"2023-08-30T17:14:12","guid":{"rendered":"https:\/\/snj.gov.py\/2023\/?p=1640"},"modified":"2023-08-30T13:14:12","modified_gmt":"2023-08-30T17:14:12","slug":"presidente-resalta-importante-rol-que-cumple-la-policia-para-el-bienestar-de-todos-los-paraguayos","status":"publish","type":"post","link":"https:\/\/snj.gov.py\/2023\/presidente-resalta-importante-rol-que-cumple-la-policia-para-el-bienestar-de-todos-los-paraguayos\/","title":{"rendered":"Presidente resalta importante rol que cumple la Polic\u00eda para el bienestar de todos los paraguayos"},"content":{"rendered":"<p>La ministra de la Secretar\u00eda Nacional de la Juventud, Florencia Taboada Evreinoff, asisti\u00f3 a la ceremonia de conmemoraci\u00f3n por el \u201cD\u00eda del Agente de Polic\u00eda\u201d y la festividad de su \u201cPatrona Santa Rosa de Lima\u00bb, encabezada por el presidente de la Rep\u00fablica, Santiago Pe\u00f1a.<\/p>\n<p>El acto se desarroll\u00f3 en el patio de Honor de la Academia Nacional de Polic\u00eda \u00abGral. Jos\u00e9 Eduvigis D\u00edaz\u00bb, en Luque, donde tambi\u00e9n particip\u00f3 el ministro del Interior, Enrique Riera Escudero; el Crio. Gral. Dtor. Carlos Ben\u00edtez, Comandante Interino de la Polic\u00eda Nacional; y los agentes de polic\u00eda, en el que se destacaron los efectivos del grupo Lince y los canes que apoyan la labor policial.<\/p>\n<p>El jefe de Estado resalt\u00f3 en su discurso, el rol importante que cumple la Polic\u00eda Nacional para el bienestar de todos los paraguayos.<\/p>\n<p>\u201cVengo a honrar y presentar mi apoyo a toda la familia policial, para defender a todos los paraguayos y trabajar incansablemente, pero seremos r\u00edgidos en el cumplimiento de la ley\u2026 Trabajar en el fortalecimiento de cada una de las instituciones\u201d, se\u00f1al\u00f3 el mandatario.<\/p>\n<p>El mandatario hizo \u00e9nfasis a los pilares que centrar\u00e1 su gobierno como los son salud, educaci\u00f3n, seguridad f\u00edsica y jur\u00eddica, que permitir\u00e1 el progreso y desarrollo del Paraguay.<\/p>\n<p>\u201cEncontr\u00e9 servicios p\u00fablicos por excelencias, la salud, seguridad f\u00edsica y jur\u00eddica, la educaci\u00f3n. Son estos bienes p\u00fablicos que permiten generar el progreso de un pa\u00eds\u2026 El Paraguay est\u00e1 avanzando r\u00e1pidamente en un proceso de fortalecimiento institucional, algunos cambios son perceptibles y otros no\u201d, mencion\u00f3.<\/p>\n<p>\u201cParaguay est\u00e1 transitando por las sendas del desarrollo que permite a la sociedad avanzar, necesita centrarse en estos pilares, para que los paraguayos podamos desarrollarnos&#8230; Hoy estamos determinados para volver en esa senda de progreso y desarrollo que nos permitir\u00e1 a todos los paraguayos vivir en paz en la Rep\u00fablica del Paraguay\u201d, indic\u00f3.<\/p>\n<p>El Comandante Carlos Ben\u00edtez, por su parte, dijo que este es un d\u00eda significativo que permite hacer una profunda reflexi\u00f3n sobre los desaf\u00edos y esfuerzos para asegurar el orden p\u00fablico legalmente establecido y normal funcionamiento de sus instituciones en cada rinc\u00f3n de la Rep\u00fablica.<\/p>\n<p>\u201cLos 21.000 mil hombres y mujeres que integran la Polic\u00eda, trabajan incansablemente buscando garantizar por la seguridad de los habitantes, y el bienestar de todos, sin distinci\u00f3n alguna\u2026 Estamos orgullosos de servir con mucho profesionalismo a nuestra patria, a todos nuestros conciudadanos, en una sociedad que cambia, evoluciona constantemente y con ello, tambi\u00e9n los tipos de delitos y cr\u00edmenes a los que tenemos que hacer frente d\u00eda a d\u00eda\u201d, acot\u00f3.<\/p>\n<p><img fetchpriority=\"high\" decoding=\"async\" class=\"alignnone size-medium wp-image-1641\" src=\"https:\/\/snj.gov.py\/2023\/wp-content\/uploads\/2023\/08\/Policia1-300x200.jpg\" alt=\"\" width=\"300\" height=\"200\" srcset=\"https:\/\/snj.gov.py\/2023\/wp-content\/uploads\/2023\/08\/Policia1-300x200.jpg 300w, https:\/\/snj.gov.py\/2023\/wp-content\/uploads\/2023\/08\/Policia1-768x512.jpg 768w, https:\/\/snj.gov.py\/2023\/wp-content\/uploads\/2023\/08\/Policia1-1536x1024.jpg 1536w, https:\/\/snj.gov.py\/2023\/wp-content\/uploads\/2023\/08\/Policia1.jpg 1599w\" sizes=\"(max-width: 300px) 100vw, 300px\" \/> <img decoding=\"async\" class=\"alignnone size-medium wp-image-1642\" src=\"https:\/\/snj.gov.py\/2023\/wp-content\/uploads\/2023\/08\/Policia2-300x200.jpg\" alt=\"\" width=\"300\" height=\"200\" srcset=\"https:\/\/snj.gov.py\/2023\/wp-content\/uploads\/2023\/08\/Policia2-300x200.jpg 300w, https:\/\/snj.gov.py\/2023\/wp-content\/uploads\/2023\/08\/Policia2-768x512.jpg 768w, https:\/\/snj.gov.py\/2023\/wp-content\/uploads\/2023\/08\/Policia2-1536x1024.jpg 1536w, https:\/\/snj.gov.py\/2023\/wp-content\/uploads\/2023\/08\/Policia2.jpg 1599w\" sizes=\"(max-width: 300px) 100vw, 300px\" \/><\/p>\n","protected":false},"excerpt":{"rendered":"<p>La ministra de la Secretar\u00eda Nacional de la Juventud, Florencia Taboada Evreinoff, asisti\u00f3 a la ceremonia de conmemoraci\u00f3n por el \u201cD\u00eda del Agente de Polic\u00eda\u201d y la festividad de su \u201cPatrona Santa Rosa de Lima\u00bb, encabezada por el presidente de la Rep\u00fablica, Santiago Pe\u00f1a. El acto se desarroll\u00f3 en el patio de Honor de la [&hellip;]<\/p>\n","protected":false},"author":8,"featured_media":1641,"comment_status":"open","ping_status":"open","sticky":false,"template":"","format":"standard","meta":{"footnotes":""},"categories":[1],"tags":[],"class_list":["post-1640","post","type-post","status-publish","format-standard","has-post-thumbnail","hentry","category-sin-categoria"],"_links":{"self":[{"href":"https:\/\/snj.gov.py\/2023\/wp-json\/wp\/v2\/posts\/1640","targetHints":{"allow":["GET"]}}],"collection":[{"href":"https:\/\/snj.gov.py\/2023\/wp-json\/wp\/v2\/posts"}],"about":[{"href":"https:\/\/snj.gov.py\/2023\/wp-json\/wp\/v2\/types\/post"}],"author":[{"embeddable":true,"href":"https:\/\/snj.gov.py\/2023\/wp-json\/wp\/v2\/users\/8"}],"replies":[{"embeddable":true,"href":"https:\/\/snj.gov.py\/2023\/wp-json\/wp\/v2\/comments?post=1640"}],"version-history":[{"count":1,"href":"https:\/\/snj.gov.py\/2023\/wp-json\/wp\/v2\/posts\/1640\/revisions"}],"predecessor-version":[{"id":1643,"href":"https:\/\/snj.gov.py\/2023\/wp-json\/wp\/v2\/posts\/1640\/revisions\/1643"}],"wp:featuredmedia":[{"embeddable":true,"href":"https:\/\/snj.gov.py\/2023\/wp-json\/wp\/v2\/media\/1641"}],"wp:attachment":[{"href":"https:\/\/snj.gov.py\/2023\/wp-json\/wp\/v2\/media?parent=1640"}],"wp:term":[{"taxonomy":"category","embeddable":true,"href":"https:\/\/snj.gov.py\/2023\/wp-json\/wp\/v2\/categories?post=1640"},{"taxonomy":"post_tag","embeddable":true,"href":"https:\/\/snj.gov.py\/2023\/wp-json\/wp\/v2\/tags?post=1640"}],"curies":[{"name":"wp","href":"https:\/\/api.w.org\/{rel}","templated":true}]}}