{"id":1568,"date":"2023-08-17T10:51:09","date_gmt":"2023-08-17T14:51:09","guid":{"rendered":"https:\/\/snj.gov.py\/2023\/?p=1568"},"modified":"2023-08-20T10:52:58","modified_gmt":"2023-08-20T14:52:58","slug":"ministra-florencia-taboada-priorizara-los-ejes-de-gobierno-de-educacion-y-empleo-juvenil","status":"publish","type":"post","link":"https:\/\/snj.gov.py\/2023\/ministra-florencia-taboada-priorizara-los-ejes-de-gobierno-de-educacion-y-empleo-juvenil\/","title":{"rendered":"Ministra Florencia Taboada priorizar\u00e1 los ejes de gobierno de educaci\u00f3n y empleo juvenil"},"content":{"rendered":"<p>La ministra de la Secretar\u00eda Nacional de la Juventud, Florencia Taboada Evreinoff, designada por el presidente de la Rep\u00fablica, Santiago Pe\u00f1a, priorizar\u00e1 la educaci\u00f3n y la generaci\u00f3n del empleo juvenil, que son las pol\u00edticas p\u00fablicas prioritarias del gobierno.<br \/>\nActualmente la ministra secretaria ejecutiva est\u00e1 en proceso de posesi\u00f3n de cargo, interioriz\u00e1ndose de la instituci\u00f3n.<br \/>\nFlorencia Taboada tiene 25 a\u00f1os, concluy\u00f3 sus estudios secundarios en el Colegio Internacional, tras cursar el bachillerato t\u00e9cnico.<br \/>\nEstuvo en Inglaterra donde realiz\u00f3 un curso intensivo de ingl\u00e9s en Londres; adem\u00e1s, accedi\u00f3 a una beca de capacitaci\u00f3n en Kansas, Estados Unidos, donde estudi\u00f3 econom\u00eda, ciencias pol\u00edticas y relaciones internacionales.<br \/>\nPosee una maestr\u00eda en asuntos p\u00fablicos y gobernabilidad por la Universidad Columbia de Paraguay. Aparte hizo el curso de diplomado en el Liderazgo Estrat\u00e9gico en el Ministerio de Defensa Nacional en el Instituto de Altos Estudios Estrat\u00e9gicos (IAEE).<br \/>\nLa ministra Taboada manifest\u00f3 que impulsar\u00e1 los lineamientos de trabajar en todas las pol\u00edticas p\u00fablicas prioritarias establecidas por el jefe de Estado, de manera a otorgar mayores herramientas a la juventud paraguaya y potenciar el bono demogr\u00e1fico con capacitaciones para acceder a la oportunidad\u00a0laboral.<\/p>\n<p><img fetchpriority=\"high\" decoding=\"async\" class=\"alignnone size-medium wp-image-1570\" src=\"https:\/\/snj.gov.py\/2023\/wp-content\/uploads\/2023\/08\/ministra-florencia-taboada-priorizara-los-ejes-de-gobierno-de-educacion-y-empleo-juvenil-1616_-254x300.jpg\" alt=\"\" width=\"254\" height=\"300\" srcset=\"https:\/\/snj.gov.py\/2023\/wp-content\/uploads\/2023\/08\/ministra-florencia-taboada-priorizara-los-ejes-de-gobierno-de-educacion-y-empleo-juvenil-1616_-254x300.jpg 254w, https:\/\/snj.gov.py\/2023\/wp-content\/uploads\/2023\/08\/ministra-florencia-taboada-priorizara-los-ejes-de-gobierno-de-educacion-y-empleo-juvenil-1616_.jpg 578w\" sizes=\"(max-width: 254px) 100vw, 254px\" \/> <img decoding=\"async\" class=\"alignnone size-medium wp-image-1569\" src=\"https:\/\/snj.gov.py\/2023\/wp-content\/uploads\/2023\/08\/ministra-florencia-taboada-priorizara-los-ejes-de-gobierno-de-educacion-y-empleo-juvenil-1617_-300x300.jpg\" alt=\"\" width=\"300\" height=\"300\" srcset=\"https:\/\/snj.gov.py\/2023\/wp-content\/uploads\/2023\/08\/ministra-florencia-taboada-priorizara-los-ejes-de-gobierno-de-educacion-y-empleo-juvenil-1617_-300x300.jpg 300w, https:\/\/snj.gov.py\/2023\/wp-content\/uploads\/2023\/08\/ministra-florencia-taboada-priorizara-los-ejes-de-gobierno-de-educacion-y-empleo-juvenil-1617_-150x150.jpg 150w, https:\/\/snj.gov.py\/2023\/wp-content\/uploads\/2023\/08\/ministra-florencia-taboada-priorizara-los-ejes-de-gobierno-de-educacion-y-empleo-juvenil-1617_-768x768.jpg 768w, https:\/\/snj.gov.py\/2023\/wp-content\/uploads\/2023\/08\/ministra-florencia-taboada-priorizara-los-ejes-de-gobierno-de-educacion-y-empleo-juvenil-1617_-1536x1536.jpg 1536w, https:\/\/snj.gov.py\/2023\/wp-content\/uploads\/2023\/08\/ministra-florencia-taboada-priorizara-los-ejes-de-gobierno-de-educacion-y-empleo-juvenil-1617_.jpg 1600w\" sizes=\"(max-width: 300px) 100vw, 300px\" \/><\/p>\n","protected":false},"excerpt":{"rendered":"<p>La ministra de la Secretar\u00eda Nacional de la Juventud, Florencia Taboada Evreinoff, designada por el presidente de la Rep\u00fablica, Santiago Pe\u00f1a, priorizar\u00e1 la educaci\u00f3n y la generaci\u00f3n del empleo juvenil, que son las pol\u00edticas p\u00fablicas prioritarias del gobierno. Actualmente la ministra secretaria ejecutiva est\u00e1 en proceso de posesi\u00f3n de cargo, interioriz\u00e1ndose de la instituci\u00f3n. Florencia [&hellip;]<\/p>\n","protected":false},"author":1,"featured_media":1570,"comment_status":"open","ping_status":"open","sticky":false,"template":"","format":"standard","meta":{"footnotes":""},"categories":[1],"tags":[],"class_list":["post-1568","post","type-post","status-publish","format-standard","has-post-thumbnail","hentry","category-sin-categoria"],"_links":{"self":[{"href":"https:\/\/snj.gov.py\/2023\/wp-json\/wp\/v2\/posts\/1568","targetHints":{"allow":["GET"]}}],"collection":[{"href":"https:\/\/snj.gov.py\/2023\/wp-json\/wp\/v2\/posts"}],"about":[{"href":"https:\/\/snj.gov.py\/2023\/wp-json\/wp\/v2\/types\/post"}],"author":[{"embeddable":true,"href":"https:\/\/snj.gov.py\/2023\/wp-json\/wp\/v2\/users\/1"}],"replies":[{"embeddable":true,"href":"https:\/\/snj.gov.py\/2023\/wp-json\/wp\/v2\/comments?post=1568"}],"version-history":[{"count":1,"href":"https:\/\/snj.gov.py\/2023\/wp-json\/wp\/v2\/posts\/1568\/revisions"}],"predecessor-version":[{"id":1571,"href":"https:\/\/snj.gov.py\/2023\/wp-json\/wp\/v2\/posts\/1568\/revisions\/1571"}],"wp:featuredmedia":[{"embeddable":true,"href":"https:\/\/snj.gov.py\/2023\/wp-json\/wp\/v2\/media\/1570"}],"wp:attachment":[{"href":"https:\/\/snj.gov.py\/2023\/wp-json\/wp\/v2\/media?parent=1568"}],"wp:term":[{"taxonomy":"category","embeddable":true,"href":"https:\/\/snj.gov.py\/2023\/wp-json\/wp\/v2\/categories?post=1568"},{"taxonomy":"post_tag","embeddable":true,"href":"https:\/\/snj.gov.py\/2023\/wp-json\/wp\/v2\/tags?post=1568"}],"curies":[{"name":"wp","href":"https:\/\/api.w.org\/{rel}","templated":true}]}}