{"id":1548,"date":"2023-08-14T10:48:49","date_gmt":"2023-08-14T14:48:49","guid":{"rendered":"https:\/\/snj.gov.py\/2023\/?p=1548"},"modified":"2023-08-20T10:56:31","modified_gmt":"2023-08-20T14:56:31","slug":"dos-anos-de-gestion-del-ministro-colman-al-frente-de-la-snj","status":"publish","type":"post","link":"https:\/\/snj.gov.py\/2023\/dos-anos-de-gestion-del-ministro-colman-al-frente-de-la-snj\/","title":{"rendered":"Dos a\u00f1os de gesti\u00f3n del ministro Colm\u00e1n al frente de la SNJ"},"content":{"rendered":"<p>La Secretar\u00eda Nacional de la Juventud, bajo la administraci\u00f3n del ministro Edgar Colm\u00e1n (2021-2023), centra su eje de acci\u00f3n en tres pilares fundamentales: Educaci\u00f3n, Innovaci\u00f3n &#8211; Tecnolog\u00eda, y Emprendedurismo, que se desarrollan a trav\u00e9s de varios programas y proyectos destinados a cubrir las necesidades de j\u00f3venes de 18 a 29 a\u00f1os. Como eje trasversal, los puntos claves fueron el protagonismo juvenil y la salud mental, principalmente post pandemia.<\/p>\n<p>El ministro Colm\u00e1n sostuvo que a lo largo de dos a\u00f1os al frente de la instituci\u00f3n, su gesti\u00f3n se bas\u00f3 en la generaci\u00f3n de m\u00e1s beneficios, herramientas y oportunidades para los j\u00f3venes de todo el pa\u00eds.<\/p>\n<p>Por primera vez, un ministro de Juventud lleg\u00f3 dos veces a los 17 departamentos, visitando 222 municipios del pa\u00eds, llevando m\u00e1s herramientas y oportunidades a los sectores juveniles.<\/p>\n<h3>* En Educaci\u00f3n:<\/h3>\n<p>El programa insignia de la SNJ es el de\u00a0<b>\u201cBeca Juventud\u201d,<\/b>\u00a0que es un apoyo econ\u00f3mico a universitarios que obtengan la excelencia acad\u00e9mica. Tambi\u00e9n a los \u201cDestacados\u201d en deporte y\/o en cultura. As\u00ed como las \u201cPasant\u00edas laborales\u201d remuneradas, en las instalaciones de la instituci\u00f3n.<\/p>\n<p>Desde el 2022, la ayuda financiera de 2.000.000 de guaran\u00edes anual, que otorga el programa \u201cBeca Juventud\u201d, aument\u00f3 de 4.000 a 5.000 becarios, tanto universitarios como a estudiantes de tecnicaturas. En la \u00faltima convocatoria del 2023, se bati\u00f3 r\u00e9cord al recibir 18.000 postulaciones para acceder a este beneficio, entre los que solicitan renovaci\u00f3n y las adjudicaciones para primera vez.<\/p>\n<p>Por primera vez, la SNJ consigui\u00f3\u00a0<b>\u201c1.000 Becas Digitales\u201d<\/b>\u00a0gratuitas para j\u00f3venes paraguayos mediante una cooperaci\u00f3n con el Organismo Internacional de la Juventud para Iberoam\u00e9rica &#8211; OIJ, que consiste en la formaci\u00f3n en competencias digitales y socioemocionales, en el marco del PLAN 3.0 y la Nueva Agenda de Juventudes.<\/p>\n<p>Dentro de las capacitaciones, la SNJ impuls\u00f3 la\u00a0<b>Escuela de Liderazgo Universitario \u201cRep\u00fablica Joven\u201d \u2013 ELU 2023,<\/b>\u00a0concluyendo con \u00e9xito, ya que se lleg\u00f3 a 123 facultades de 1\ufe0f2 universidades p\u00fablicas y privadas habilitadas en el pa\u00eds, de los 1\ufe0f7 departamentos, con un alcance de 2\ufe0f.530\ufe0f\u00a0participantes.<\/p>\n<p>La formaci\u00f3n de j\u00f3venes en \u00e1reas como Emprendedurismo, Marketing Digital, Oratoria y Debate, Liderazgo y Participaci\u00f3n Ciudadana se dieron con este programa de capacitaci\u00f3n con profesionales en los temas mencionados, a los que los j\u00f3venes pudieron asistir de manera gratuita.<\/p>\n<p>Tambi\u00e9n, el programa\u00a0<b>Rep\u00fablica Joven Capacita<\/b>\u00a0cumpli\u00f3 la misma funci\u00f3n de forma virtual, convirti\u00e9ndose una plataforma de capacitaci\u00f3n online a la cual los j\u00f3venes pueden acceder de forma gratuita para tomar cursos cortos sobre diversos temas de inter\u00e9s que los ayuden a potenciar y mejorar esas \u00e1reas que los apasionan.<\/p>\n<h3>* En Innovaci\u00f3n y Tecnolog\u00eda:<\/h3>\n<p>El proyecto\u00a0<b>\u201cRep\u00fablica Joven\u201d<\/b>\u00a0busca una manera innovadora de acercarse a los j\u00f3venes y brindar un espacio \u00fanico donde tengan acceso a las distintas plataformas a trav\u00e9s de su p\u00e1gina web, como: concursos, becas, capacitaciones, empleo, cr\u00e9ditos, voluntariado, y dem\u00e1s oportunidades que brinda el Gobierno Nacional, las cooperaciones internacionales y las empresas cooperantes con la juventud paraguaya.<\/p>\n<p>A trav\u00e9s del\u00a0<b>\u201cTotem\u201d<\/b>\u00a0touch, se instalaron un total de 30 en distintas sedes universitarias p\u00fablicas y privadas, se pudo vincular a una web interactiva y a las redes sociales toda la oferta p\u00fablica que otorga el Estado, logrando captar la atenci\u00f3n de m\u00e1s de 180.000 j\u00f3venes que accedieron a la informaci\u00f3n disponible en sus distintas categor\u00edas.<\/p>\n<p>Ante la gran necesidad de contar con un acceso todo tiempo a conectividad &#8211;\u00a0 internet, la aceleraci\u00f3n de la pandemia a canales digitales de comunicaci\u00f3n y la gran brecha digital existente en nuestro pa\u00eds, la SNJ apost\u00f3 por el programa\u00a0<b>APOHUB,<\/b>\u00a0que es un espacio de coworking y capacitaci\u00f3n. Se instalaron 15 APOHUB en todo el territorio nacional, beneficiando directamente a unos 45.000 j\u00f3venes, a trav\u00e9s de este programa se genera un espacio de colaboraci\u00f3n y capacitaci\u00f3n en lugares espec\u00edficos como Secretar\u00edas Municipales de Juventud y universidades del pa\u00eds.<\/p>\n<p><b>\u201cO\u00f1ondive\u201d<\/b>\u00a0es un proyecto de creaci\u00f3n o reconocimiento de Secretar\u00edas Municipales de Juventud y sus secretarios, en los 263 distritos del pa\u00eds, para el fortalecimiento interinstitucional entre la SNJ y los municipios y as\u00ed lograr un acercamiento efectivo. Con este proyecto se permite una participaci\u00f3n protag\u00f3nica y mayor conectividad con los j\u00f3venes del pa\u00eds, ya que la SNJ ha dotado de equipamiento tecnol\u00f3gico a los secretarios de Juventud.<\/p>\n<h3>* En E<b>mprendedurismo:<\/b><\/h3>\n<p>Se encuentra\u00a0<b>\u201cCRECE\u201d<\/b>, un proyecto de apoyo que impulsa el ecosistema emprendedor nacional a trav\u00e9s de concursos departamentales, ofreciendo capital semilla y asistencia t\u00e9cnica.<\/p>\n<p>Tambi\u00e9n el\u00a0<b>\u201cPremio Joven Mbaret\u00e9\u201d<\/b>\u00a0es un concurso a nivel pa\u00eds, que premia a cinco j\u00f3venes destacados, cuyos proyectos est\u00e9n alineados a los Objetivos de Desarrollo Sostenible (ODS). Esta premiaci\u00f3n consiste en un viaje todo pago a donde la One Young Word realice su foro anual, para que las mejores iniciativas seleccionadas de cada \u00e1rea sean embajadores del Paraguay ante el mundo. El setiembre de 2022, cinco embajadores representaron al protagonismo juvenil paraguayo en un encuentro mundial realizado en Londres, Gran Breta\u00f1a.<\/p>\n<h3>* Participaci\u00f3n Juvenil:<\/h3>\n<p>Los espacios de\u00a0<b>Participaci\u00f3n Juvenil<\/b>\u00a0son pilar clave en la gesti\u00f3n del ministro Edgar Colm\u00e1n, as\u00ed, desde el inicio de su gesti\u00f3n se instal\u00f3 el programa\u00a0<b>\u201cActivamos\u201d,<\/b>\u00a0que impulsa el voluntariado a nivel nacional para actividades que requieran del entusiasmo, capacidad y fuerza joven, desde la campa\u00f1a\u00a0<b>#InfoVacunate<\/b>\u00a0para el monitoreo de los centros vacunatorios contra el Covid-19, los\u00a0<b>juegos ODESUR #ASU2022<\/b>, y el \u00faltimo\u00a0<b>Censo Nacional 2022<\/b>.<\/p>\n<p>Tambi\u00e9n, la participaci\u00f3n protag\u00f3nica de los j\u00f3venes, fue fundamental para ayudarlos a empoderarse en temas que los afectan. En ese sentido, se desarrollaron siete\u00a0<b>\u201cForos Rep\u00fablica Joven\u201d<\/b>, seis foros regionales y uno nacional, congregando a diversos sectores juveniles de todos los 17 departamentos, con un alcance de 2.500 j\u00f3venes de todo el pa\u00eds. Los participantes pudieron expresar sus necesidades y escribir sus ideas sobre el camino que se requiere recorrer como naci\u00f3n para el desarrollo integral de pol\u00edticas p\u00fablicas dirigida a este bono demogr\u00e1fico. Este espacio sent\u00f3 las bases para el desarrollo del Plan Nacional de Juventud, la nueva ruta cumplir con mayores beneficios para la juventud.<\/p>\n<p>El\u00a0<b>\u201cLaboratorio de Participaci\u00f3n Juvenil<\/b>\u201d, analiz\u00f3 en un panel entre expertos, autoridades y j\u00f3venes los desaf\u00edos y soluciones en pol\u00edticas p\u00fablicas para la Salud Mental. Organizado en conjunto entre la SNJ y el OIJ, siendo Paraguay la primera sede latinoamericana donde se realiza este encuentro de j\u00f3venes.<\/p>\n<ul>\n<li><b>A nivel internacional<\/b>, el ministro Colm\u00e1n tuvo la oportunidad de representar al Paraguay en m\u00e1s de 10 pa\u00edses, en debates de alto nivel sobre pol\u00edticas p\u00fablicas en tema de juventudes, y generando alianzas internacionales para general para los j\u00f3venes del pa\u00eds m\u00e1s beneficios, m\u00e1s herramientas y m\u00e1s oportunidades.<\/li>\n<\/ul>\n<p>De esta manera, durante dos a\u00f1os, en la SNJ se instalaron con satisfacci\u00f3n\u00a0<b>11 programas<\/b>, de la mano de la nueva generaci\u00f3n de j\u00f3venes protagonistas, para cumplir con la responsabilidad de hacer de la fuerza de la juventud, la fuerza del Paraguay que queremos.<\/p>\n<p><img fetchpriority=\"high\" decoding=\"async\" class=\"alignnone size-medium wp-image-1549\" src=\"https:\/\/snj.gov.py\/2023\/wp-content\/uploads\/2023\/08\/dos-anos-de-gestion-del-ministro-colman-al-frente-de-la-snj-1601_-300x200.jpg\" alt=\"\" width=\"300\" height=\"200\" srcset=\"https:\/\/snj.gov.py\/2023\/wp-content\/uploads\/2023\/08\/dos-anos-de-gestion-del-ministro-colman-al-frente-de-la-snj-1601_-300x200.jpg 300w, https:\/\/snj.gov.py\/2023\/wp-content\/uploads\/2023\/08\/dos-anos-de-gestion-del-ministro-colman-al-frente-de-la-snj-1601_-768x512.jpg 768w, https:\/\/snj.gov.py\/2023\/wp-content\/uploads\/2023\/08\/dos-anos-de-gestion-del-ministro-colman-al-frente-de-la-snj-1601_.jpg 799w\" sizes=\"(max-width: 300px) 100vw, 300px\" \/> <img decoding=\"async\" class=\"alignnone size-medium wp-image-1550\" src=\"https:\/\/snj.gov.py\/2023\/wp-content\/uploads\/2023\/08\/dos-anos-de-gestion-del-ministro-colman-al-frente-de-la-snj-1602_-279x300.jpg\" alt=\"\" width=\"279\" height=\"300\" srcset=\"https:\/\/snj.gov.py\/2023\/wp-content\/uploads\/2023\/08\/dos-anos-de-gestion-del-ministro-colman-al-frente-de-la-snj-1602_-279x300.jpg 279w, https:\/\/snj.gov.py\/2023\/wp-content\/uploads\/2023\/08\/dos-anos-de-gestion-del-ministro-colman-al-frente-de-la-snj-1602_-768x824.jpg 768w, https:\/\/snj.gov.py\/2023\/wp-content\/uploads\/2023\/08\/dos-anos-de-gestion-del-ministro-colman-al-frente-de-la-snj-1602_.jpg 1170w\" sizes=\"(max-width: 279px) 100vw, 279px\" \/> <img decoding=\"async\" class=\"alignnone size-medium wp-image-1551\" src=\"https:\/\/snj.gov.py\/2023\/wp-content\/uploads\/2023\/08\/dos-anos-de-gestion-del-ministro-colman-al-frente-de-la-snj-1603_-300x225.jpg\" alt=\"\" width=\"300\" height=\"225\" srcset=\"https:\/\/snj.gov.py\/2023\/wp-content\/uploads\/2023\/08\/dos-anos-de-gestion-del-ministro-colman-al-frente-de-la-snj-1603_-300x225.jpg 300w, https:\/\/snj.gov.py\/2023\/wp-content\/uploads\/2023\/08\/dos-anos-de-gestion-del-ministro-colman-al-frente-de-la-snj-1603_-768x576.jpg 768w, https:\/\/snj.gov.py\/2023\/wp-content\/uploads\/2023\/08\/dos-anos-de-gestion-del-ministro-colman-al-frente-de-la-snj-1603_-1536x1152.jpg 1536w, https:\/\/snj.gov.py\/2023\/wp-content\/uploads\/2023\/08\/dos-anos-de-gestion-del-ministro-colman-al-frente-de-la-snj-1603_.jpg 1600w\" sizes=\"(max-width: 300px) 100vw, 300px\" \/> <img loading=\"lazy\" decoding=\"async\" class=\"alignnone size-medium wp-image-1552\" src=\"https:\/\/snj.gov.py\/2023\/wp-content\/uploads\/2023\/08\/dos-anos-de-gestion-del-ministro-colman-al-frente-de-la-snj-1604_-225x300.jpg\" alt=\"\" width=\"225\" height=\"300\" srcset=\"https:\/\/snj.gov.py\/2023\/wp-content\/uploads\/2023\/08\/dos-anos-de-gestion-del-ministro-colman-al-frente-de-la-snj-1604_-225x300.jpg 225w, https:\/\/snj.gov.py\/2023\/wp-content\/uploads\/2023\/08\/dos-anos-de-gestion-del-ministro-colman-al-frente-de-la-snj-1604_-768x1024.jpg 768w, https:\/\/snj.gov.py\/2023\/wp-content\/uploads\/2023\/08\/dos-anos-de-gestion-del-ministro-colman-al-frente-de-la-snj-1604_.jpg 960w\" sizes=\"(max-width: 225px) 100vw, 225px\" \/> <img loading=\"lazy\" decoding=\"async\" class=\"alignnone size-medium wp-image-1553\" src=\"https:\/\/snj.gov.py\/2023\/wp-content\/uploads\/2023\/08\/dos-anos-de-gestion-del-ministro-colman-al-frente-de-la-snj-1605_-300x204.jpg\" alt=\"\" width=\"300\" height=\"204\" srcset=\"https:\/\/snj.gov.py\/2023\/wp-content\/uploads\/2023\/08\/dos-anos-de-gestion-del-ministro-colman-al-frente-de-la-snj-1605_-300x204.jpg 300w, https:\/\/snj.gov.py\/2023\/wp-content\/uploads\/2023\/08\/dos-anos-de-gestion-del-ministro-colman-al-frente-de-la-snj-1605_-768x522.jpg 768w, https:\/\/snj.gov.py\/2023\/wp-content\/uploads\/2023\/08\/dos-anos-de-gestion-del-ministro-colman-al-frente-de-la-snj-1605_.jpg 1024w\" sizes=\"(max-width: 300px) 100vw, 300px\" \/> <img loading=\"lazy\" decoding=\"async\" class=\"alignnone size-medium wp-image-1554\" src=\"https:\/\/snj.gov.py\/2023\/wp-content\/uploads\/2023\/08\/dos-anos-de-gestion-del-ministro-colman-al-frente-de-la-snj-1596_-300x200.jpg\" alt=\"\" width=\"300\" height=\"200\" srcset=\"https:\/\/snj.gov.py\/2023\/wp-content\/uploads\/2023\/08\/dos-anos-de-gestion-del-ministro-colman-al-frente-de-la-snj-1596_-300x200.jpg 300w, https:\/\/snj.gov.py\/2023\/wp-content\/uploads\/2023\/08\/dos-anos-de-gestion-del-ministro-colman-al-frente-de-la-snj-1596_-768x512.jpg 768w, https:\/\/snj.gov.py\/2023\/wp-content\/uploads\/2023\/08\/dos-anos-de-gestion-del-ministro-colman-al-frente-de-la-snj-1596_-1536x1024.jpg 1536w, https:\/\/snj.gov.py\/2023\/wp-content\/uploads\/2023\/08\/dos-anos-de-gestion-del-ministro-colman-al-frente-de-la-snj-1596_.jpg 1920w\" sizes=\"(max-width: 300px) 100vw, 300px\" \/> <img loading=\"lazy\" decoding=\"async\" class=\"alignnone size-medium wp-image-1555\" src=\"https:\/\/snj.gov.py\/2023\/wp-content\/uploads\/2023\/08\/dos-anos-de-gestion-del-ministro-colman-al-frente-de-la-snj-1583_-300x169.jpg\" alt=\"\" width=\"300\" height=\"169\" srcset=\"https:\/\/snj.gov.py\/2023\/wp-content\/uploads\/2023\/08\/dos-anos-de-gestion-del-ministro-colman-al-frente-de-la-snj-1583_-300x169.jpg 300w, https:\/\/snj.gov.py\/2023\/wp-content\/uploads\/2023\/08\/dos-anos-de-gestion-del-ministro-colman-al-frente-de-la-snj-1583_-768x432.jpg 768w, https:\/\/snj.gov.py\/2023\/wp-content\/uploads\/2023\/08\/dos-anos-de-gestion-del-ministro-colman-al-frente-de-la-snj-1583_-1536x863.jpg 1536w, https:\/\/snj.gov.py\/2023\/wp-content\/uploads\/2023\/08\/dos-anos-de-gestion-del-ministro-colman-al-frente-de-la-snj-1583_.jpg 1600w\" sizes=\"(max-width: 300px) 100vw, 300px\" \/> <img loading=\"lazy\" decoding=\"async\" class=\"alignnone size-medium wp-image-1556\" src=\"https:\/\/snj.gov.py\/2023\/wp-content\/uploads\/2023\/08\/dos-anos-de-gestion-del-ministro-colman-al-frente-de-la-snj-1590_-300x217.jpg\" alt=\"\" width=\"300\" height=\"217\" srcset=\"https:\/\/snj.gov.py\/2023\/wp-content\/uploads\/2023\/08\/dos-anos-de-gestion-del-ministro-colman-al-frente-de-la-snj-1590_-300x217.jpg 300w, https:\/\/snj.gov.py\/2023\/wp-content\/uploads\/2023\/08\/dos-anos-de-gestion-del-ministro-colman-al-frente-de-la-snj-1590_-768x556.jpg 768w, https:\/\/snj.gov.py\/2023\/wp-content\/uploads\/2023\/08\/dos-anos-de-gestion-del-ministro-colman-al-frente-de-la-snj-1590_-1536x1112.jpg 1536w, https:\/\/snj.gov.py\/2023\/wp-content\/uploads\/2023\/08\/dos-anos-de-gestion-del-ministro-colman-al-frente-de-la-snj-1590_.jpg 1600w\" sizes=\"(max-width: 300px) 100vw, 300px\" \/> <img loading=\"lazy\" decoding=\"async\" class=\"alignnone size-medium wp-image-1557\" src=\"https:\/\/snj.gov.py\/2023\/wp-content\/uploads\/2023\/08\/dos-anos-de-gestion-del-ministro-colman-al-frente-de-la-snj-1591_-300x300.jpg\" alt=\"\" width=\"300\" height=\"300\" srcset=\"https:\/\/snj.gov.py\/2023\/wp-content\/uploads\/2023\/08\/dos-anos-de-gestion-del-ministro-colman-al-frente-de-la-snj-1591_-300x300.jpg 300w, https:\/\/snj.gov.py\/2023\/wp-content\/uploads\/2023\/08\/dos-anos-de-gestion-del-ministro-colman-al-frente-de-la-snj-1591_-150x150.jpg 150w, https:\/\/snj.gov.py\/2023\/wp-content\/uploads\/2023\/08\/dos-anos-de-gestion-del-ministro-colman-al-frente-de-la-snj-1591_-768x768.jpg 768w, https:\/\/snj.gov.py\/2023\/wp-content\/uploads\/2023\/08\/dos-anos-de-gestion-del-ministro-colman-al-frente-de-la-snj-1591_.jpg 1280w\" sizes=\"(max-width: 300px) 100vw, 300px\" \/> <img loading=\"lazy\" decoding=\"async\" class=\"alignnone size-medium wp-image-1558\" src=\"https:\/\/snj.gov.py\/2023\/wp-content\/uploads\/2023\/08\/dos-anos-de-gestion-del-ministro-colman-al-frente-de-la-snj-1592_-300x200.jpg\" alt=\"\" width=\"300\" height=\"200\" srcset=\"https:\/\/snj.gov.py\/2023\/wp-content\/uploads\/2023\/08\/dos-anos-de-gestion-del-ministro-colman-al-frente-de-la-snj-1592_-300x200.jpg 300w, https:\/\/snj.gov.py\/2023\/wp-content\/uploads\/2023\/08\/dos-anos-de-gestion-del-ministro-colman-al-frente-de-la-snj-1592_-768x511.jpg 768w, https:\/\/snj.gov.py\/2023\/wp-content\/uploads\/2023\/08\/dos-anos-de-gestion-del-ministro-colman-al-frente-de-la-snj-1592_.jpg 1280w\" sizes=\"(max-width: 300px) 100vw, 300px\" \/> <img loading=\"lazy\" decoding=\"async\" class=\"alignnone size-medium wp-image-1559\" src=\"https:\/\/snj.gov.py\/2023\/wp-content\/uploads\/2023\/08\/dos-anos-de-gestion-del-ministro-colman-al-frente-de-la-snj-1593_-300x200.jpg\" alt=\"\" width=\"300\" height=\"200\" srcset=\"https:\/\/snj.gov.py\/2023\/wp-content\/uploads\/2023\/08\/dos-anos-de-gestion-del-ministro-colman-al-frente-de-la-snj-1593_-300x200.jpg 300w, https:\/\/snj.gov.py\/2023\/wp-content\/uploads\/2023\/08\/dos-anos-de-gestion-del-ministro-colman-al-frente-de-la-snj-1593_-768x512.jpg 768w, https:\/\/snj.gov.py\/2023\/wp-content\/uploads\/2023\/08\/dos-anos-de-gestion-del-ministro-colman-al-frente-de-la-snj-1593_.jpg 960w\" sizes=\"(max-width: 300px) 100vw, 300px\" \/> <img loading=\"lazy\" decoding=\"async\" class=\"alignnone size-medium wp-image-1560\" src=\"https:\/\/snj.gov.py\/2023\/wp-content\/uploads\/2023\/08\/dos-anos-de-gestion-del-ministro-colman-al-frente-de-la-snj-1594_-300x200.jpg\" alt=\"\" width=\"300\" height=\"200\" srcset=\"https:\/\/snj.gov.py\/2023\/wp-content\/uploads\/2023\/08\/dos-anos-de-gestion-del-ministro-colman-al-frente-de-la-snj-1594_-300x200.jpg 300w, https:\/\/snj.gov.py\/2023\/wp-content\/uploads\/2023\/08\/dos-anos-de-gestion-del-ministro-colman-al-frente-de-la-snj-1594_-768x513.jpg 768w, https:\/\/snj.gov.py\/2023\/wp-content\/uploads\/2023\/08\/dos-anos-de-gestion-del-ministro-colman-al-frente-de-la-snj-1594_.jpg 1000w\" sizes=\"(max-width: 300px) 100vw, 300px\" \/> <img loading=\"lazy\" decoding=\"async\" class=\"alignnone size-medium wp-image-1561\" src=\"https:\/\/snj.gov.py\/2023\/wp-content\/uploads\/2023\/08\/dos-anos-de-gestion-del-ministro-colman-al-frente-de-la-snj-1584_-300x169.jpg\" alt=\"\" width=\"300\" height=\"169\" srcset=\"https:\/\/snj.gov.py\/2023\/wp-content\/uploads\/2023\/08\/dos-anos-de-gestion-del-ministro-colman-al-frente-de-la-snj-1584_-300x169.jpg 300w, https:\/\/snj.gov.py\/2023\/wp-content\/uploads\/2023\/08\/dos-anos-de-gestion-del-ministro-colman-al-frente-de-la-snj-1584_-768x433.jpg 768w, https:\/\/snj.gov.py\/2023\/wp-content\/uploads\/2023\/08\/dos-anos-de-gestion-del-ministro-colman-al-frente-de-la-snj-1584_.jpg 1280w\" sizes=\"(max-width: 300px) 100vw, 300px\" \/> <img loading=\"lazy\" decoding=\"async\" class=\"alignnone size-medium wp-image-1562\" src=\"https:\/\/snj.gov.py\/2023\/wp-content\/uploads\/2023\/08\/dos-anos-de-gestion-del-ministro-colman-al-frente-de-la-snj-1595_-300x200.jpg\" alt=\"\" width=\"300\" height=\"200\" srcset=\"https:\/\/snj.gov.py\/2023\/wp-content\/uploads\/2023\/08\/dos-anos-de-gestion-del-ministro-colman-al-frente-de-la-snj-1595_-300x200.jpg 300w, https:\/\/snj.gov.py\/2023\/wp-content\/uploads\/2023\/08\/dos-anos-de-gestion-del-ministro-colman-al-frente-de-la-snj-1595_-768x513.jpg 768w, https:\/\/snj.gov.py\/2023\/wp-content\/uploads\/2023\/08\/dos-anos-de-gestion-del-ministro-colman-al-frente-de-la-snj-1595_.jpg 1000w\" sizes=\"(max-width: 300px) 100vw, 300px\" \/> <img loading=\"lazy\" decoding=\"async\" class=\"alignnone size-medium wp-image-1563\" src=\"https:\/\/snj.gov.py\/2023\/wp-content\/uploads\/2023\/08\/dos-anos-de-gestion-del-ministro-colman-al-frente-de-la-snj-1597_-300x200.jpg\" alt=\"\" width=\"300\" height=\"200\" srcset=\"https:\/\/snj.gov.py\/2023\/wp-content\/uploads\/2023\/08\/dos-anos-de-gestion-del-ministro-colman-al-frente-de-la-snj-1597_-300x200.jpg 300w, https:\/\/snj.gov.py\/2023\/wp-content\/uploads\/2023\/08\/dos-anos-de-gestion-del-ministro-colman-al-frente-de-la-snj-1597_-768x512.jpg 768w, https:\/\/snj.gov.py\/2023\/wp-content\/uploads\/2023\/08\/dos-anos-de-gestion-del-ministro-colman-al-frente-de-la-snj-1597_-1536x1024.jpg 1536w, https:\/\/snj.gov.py\/2023\/wp-content\/uploads\/2023\/08\/dos-anos-de-gestion-del-ministro-colman-al-frente-de-la-snj-1597_.jpg 1920w\" sizes=\"(max-width: 300px) 100vw, 300px\" \/> <img loading=\"lazy\" decoding=\"async\" class=\"alignnone size-medium wp-image-1564\" src=\"https:\/\/snj.gov.py\/2023\/wp-content\/uploads\/2023\/08\/dos-anos-de-gestion-del-ministro-colman-al-frente-de-la-snj-1598_-300x169.jpg\" alt=\"\" width=\"300\" height=\"169\" srcset=\"https:\/\/snj.gov.py\/2023\/wp-content\/uploads\/2023\/08\/dos-anos-de-gestion-del-ministro-colman-al-frente-de-la-snj-1598_-300x169.jpg 300w, https:\/\/snj.gov.py\/2023\/wp-content\/uploads\/2023\/08\/dos-anos-de-gestion-del-ministro-colman-al-frente-de-la-snj-1598_-768x432.jpg 768w, https:\/\/snj.gov.py\/2023\/wp-content\/uploads\/2023\/08\/dos-anos-de-gestion-del-ministro-colman-al-frente-de-la-snj-1598_-1536x864.jpg 1536w, https:\/\/snj.gov.py\/2023\/wp-content\/uploads\/2023\/08\/dos-anos-de-gestion-del-ministro-colman-al-frente-de-la-snj-1598_.jpg 1920w\" sizes=\"(max-width: 300px) 100vw, 300px\" \/> <img loading=\"lazy\" decoding=\"async\" class=\"alignnone size-medium wp-image-1565\" src=\"https:\/\/snj.gov.py\/2023\/wp-content\/uploads\/2023\/08\/dos-anos-de-gestion-del-ministro-colman-al-frente-de-la-snj-1599_-300x233.jpg\" alt=\"\" width=\"300\" height=\"233\" srcset=\"https:\/\/snj.gov.py\/2023\/wp-content\/uploads\/2023\/08\/dos-anos-de-gestion-del-ministro-colman-al-frente-de-la-snj-1599_-300x233.jpg 300w, https:\/\/snj.gov.py\/2023\/wp-content\/uploads\/2023\/08\/dos-anos-de-gestion-del-ministro-colman-al-frente-de-la-snj-1599_-768x597.jpg 768w, https:\/\/snj.gov.py\/2023\/wp-content\/uploads\/2023\/08\/dos-anos-de-gestion-del-ministro-colman-al-frente-de-la-snj-1599_.jpg 1089w\" sizes=\"(max-width: 300px) 100vw, 300px\" \/> <img loading=\"lazy\" decoding=\"async\" class=\"alignnone size-medium wp-image-1566\" src=\"https:\/\/snj.gov.py\/2023\/wp-content\/uploads\/2023\/08\/dos-anos-de-gestion-del-ministro-colman-al-frente-de-la-snj-1600_-300x300.jpg\" alt=\"\" width=\"300\" height=\"300\" srcset=\"https:\/\/snj.gov.py\/2023\/wp-content\/uploads\/2023\/08\/dos-anos-de-gestion-del-ministro-colman-al-frente-de-la-snj-1600_-300x300.jpg 300w, https:\/\/snj.gov.py\/2023\/wp-content\/uploads\/2023\/08\/dos-anos-de-gestion-del-ministro-colman-al-frente-de-la-snj-1600_-150x150.jpg 150w, https:\/\/snj.gov.py\/2023\/wp-content\/uploads\/2023\/08\/dos-anos-de-gestion-del-ministro-colman-al-frente-de-la-snj-1600_-768x767.jpg 768w, https:\/\/snj.gov.py\/2023\/wp-content\/uploads\/2023\/08\/dos-anos-de-gestion-del-ministro-colman-al-frente-de-la-snj-1600_.jpg 1195w\" sizes=\"(max-width: 300px) 100vw, 300px\" \/><\/p>\n","protected":false},"excerpt":{"rendered":"<p>La Secretar\u00eda Nacional de la Juventud, bajo la administraci\u00f3n del ministro Edgar Colm\u00e1n (2021-2023), centra su eje de acci\u00f3n en tres pilares fundamentales: Educaci\u00f3n, Innovaci\u00f3n &#8211; Tecnolog\u00eda, y Emprendedurismo, que se desarrollan a trav\u00e9s de varios programas y proyectos destinados a cubrir las necesidades de j\u00f3venes de 18 a 29 a\u00f1os. Como eje trasversal, los [&hellip;]<\/p>\n","protected":false},"author":1,"featured_media":1555,"comment_status":"open","ping_status":"open","sticky":false,"template":"","format":"standard","meta":{"footnotes":""},"categories":[1],"tags":[],"class_list":["post-1548","post","type-post","status-publish","format-standard","has-post-thumbnail","hentry","category-sin-categoria"],"_links":{"self":[{"href":"https:\/\/snj.gov.py\/2023\/wp-json\/wp\/v2\/posts\/1548","targetHints":{"allow":["GET"]}}],"collection":[{"href":"https:\/\/snj.gov.py\/2023\/wp-json\/wp\/v2\/posts"}],"about":[{"href":"https:\/\/snj.gov.py\/2023\/wp-json\/wp\/v2\/types\/post"}],"author":[{"embeddable":true,"href":"https:\/\/snj.gov.py\/2023\/wp-json\/wp\/v2\/users\/1"}],"replies":[{"embeddable":true,"href":"https:\/\/snj.gov.py\/2023\/wp-json\/wp\/v2\/comments?post=1548"}],"version-history":[{"count":1,"href":"https:\/\/snj.gov.py\/2023\/wp-json\/wp\/v2\/posts\/1548\/revisions"}],"predecessor-version":[{"id":1567,"href":"https:\/\/snj.gov.py\/2023\/wp-json\/wp\/v2\/posts\/1548\/revisions\/1567"}],"wp:featuredmedia":[{"embeddable":true,"href":"https:\/\/snj.gov.py\/2023\/wp-json\/wp\/v2\/media\/1555"}],"wp:attachment":[{"href":"https:\/\/snj.gov.py\/2023\/wp-json\/wp\/v2\/media?parent=1548"}],"wp:term":[{"taxonomy":"category","embeddable":true,"href":"https:\/\/snj.gov.py\/2023\/wp-json\/wp\/v2\/categories?post=1548"},{"taxonomy":"post_tag","embeddable":true,"href":"https:\/\/snj.gov.py\/2023\/wp-json\/wp\/v2\/tags?post=1548"}],"curies":[{"name":"wp","href":"https:\/\/api.w.org\/{rel}","templated":true}]}}