{"id":1537,"date":"2023-08-11T10:44:27","date_gmt":"2023-08-11T14:44:27","guid":{"rendered":"https:\/\/snj.gov.py\/2023\/?p=1537"},"modified":"2023-08-20T10:56:07","modified_gmt":"2023-08-20T14:56:07","slug":"snj-habilita-la-canchita-de-la-gente-en-coronel-oviedo-y-villarrica","status":"publish","type":"post","link":"https:\/\/snj.gov.py\/2023\/snj-habilita-la-canchita-de-la-gente-en-coronel-oviedo-y-villarrica\/","title":{"rendered":"SNJ habilita la Canchita de la Gente en Coronel Oviedo y Villarrica"},"content":{"rendered":"<p>El ministro de la Secretar\u00eda Nacional de la Juventud (SNJ), Edgar Colm\u00e1n, habilit\u00f3 varias obras en Coronel Oviedo y Villarrica, en el marco del proyecto la \u201cCanchita de la Gente\u201d, orientada a fomentar las actividades deportivas de los j\u00f3venes del pa\u00eds.<\/p>\n<p>En un trabajo conjunto con la Secretar\u00eda Nacional de Deportes (SND) y la Gobernaci\u00f3n del departamento de Guair\u00e1 se realiz\u00f3 la habilitaci\u00f3n oficial de varias mejoras de infraestructura edilicia para dotar a estos espacios p\u00fablicos nuevos equipamientos, confort y dispersi\u00f3n para la juventud paraguaya.<\/p>\n<p>Primeramente, en la capital del departamento de Caaguaz\u00fa, se inaugur\u00f3 la \u201cCanchita de la Gente\u201d, con nuevos equipamientos, en la Plaza Deportiva \u201cJos\u00e9 Paul Gonz\u00e1lez\u201d. Luego, tambi\u00e9n en el marco de este proyecto, se habilitaron gradas y vestuarios, en la Plaza \u201cFlor de Azucena\u201d. Todo en cooperaci\u00f3n coordinada entre la SNJ y la SND.<\/p>\n<p>En ambas inauguraciones acompa\u00f1\u00f3 al titular de la SNJ, el gobernador electo de Caaguaz\u00fa, Marcelo Soto, hecho que fue elogiado por el ministro Colm\u00e1n.<\/p>\n<p>\u201cAgradecemos al ex ministro de la juventud, y actual gobernador electo del quinto departamento, Marcelo Soto, por el acompa\u00f1amiento en ambos actos\u201d, resalt\u00f3.<\/p>\n<p>Por otra parte, tambi\u00e9n los j\u00f3venes de Villarrica ahora tienen la oportunidad de disfrutar de un nuevo espacio deportivo con la habilitaci\u00f3n de la cancha de Padel, en el Parque del Guair\u00e1.<\/p>\n<p>La construcci\u00f3n de la infraestructura, mejoras y equipamiento estuvo a cargo de la SNJ, de esta manera, se complementa las obras edilicias para el reacondicionamiento del lugar.<\/p>\n<p>Para el acto oficial estuvieron presentes el ministro Colm\u00e1n y el gobernador de Guair\u00e1, Carlos Alberto Barreto Cortesi, quienes dieron unas palabras durante la habilitaci\u00f3n.<\/p>\n<p>El titular de la SNJ valor\u00f3 la cooperaci\u00f3n con la gobernaci\u00f3n, resaltando el trabajo coordinado en pos de la juventud. Mientras que el gobernador Barreto Cortesi agradeci\u00f3 al ministro Colm\u00e1n por acompa\u00f1ar siempre al cuarto departamento.<\/p>\n<p>\u201cEste notable avance en el \u00e1mbito deportivo es el resultado de una colaboraci\u00f3n estrecha entre la Secretar\u00eda Nacional de la Juventud y la Gobernaci\u00f3n del Guair\u00e1. Estas mejoras son para seguir fomentando el deporte\u201d, reconoci\u00f3.<\/p>\n<p><img fetchpriority=\"high\" decoding=\"async\" class=\"alignnone size-medium wp-image-1538\" src=\"https:\/\/snj.gov.py\/2023\/wp-content\/uploads\/2023\/08\/snj-habilita-la-canchita-de-la-gente-en-coronel-oviedo-y-villarrica-1611_-300x300.jpg\" alt=\"\" width=\"300\" height=\"300\" srcset=\"https:\/\/snj.gov.py\/2023\/wp-content\/uploads\/2023\/08\/snj-habilita-la-canchita-de-la-gente-en-coronel-oviedo-y-villarrica-1611_-300x300.jpg 300w, https:\/\/snj.gov.py\/2023\/wp-content\/uploads\/2023\/08\/snj-habilita-la-canchita-de-la-gente-en-coronel-oviedo-y-villarrica-1611_-150x150.jpg 150w, https:\/\/snj.gov.py\/2023\/wp-content\/uploads\/2023\/08\/snj-habilita-la-canchita-de-la-gente-en-coronel-oviedo-y-villarrica-1611_-768x768.jpg 768w, https:\/\/snj.gov.py\/2023\/wp-content\/uploads\/2023\/08\/snj-habilita-la-canchita-de-la-gente-en-coronel-oviedo-y-villarrica-1611_-1536x1536.jpg 1536w, https:\/\/snj.gov.py\/2023\/wp-content\/uploads\/2023\/08\/snj-habilita-la-canchita-de-la-gente-en-coronel-oviedo-y-villarrica-1611_.jpg 1599w\" sizes=\"(max-width: 300px) 100vw, 300px\" \/> <img decoding=\"async\" class=\"alignnone size-medium wp-image-1539\" src=\"https:\/\/snj.gov.py\/2023\/wp-content\/uploads\/2023\/08\/snj-habilita-la-canchita-de-la-gente-en-coronel-oviedo-y-villarrica-1610_-300x224.jpg\" alt=\"\" width=\"300\" height=\"224\" srcset=\"https:\/\/snj.gov.py\/2023\/wp-content\/uploads\/2023\/08\/snj-habilita-la-canchita-de-la-gente-en-coronel-oviedo-y-villarrica-1610_-300x224.jpg 300w, https:\/\/snj.gov.py\/2023\/wp-content\/uploads\/2023\/08\/snj-habilita-la-canchita-de-la-gente-en-coronel-oviedo-y-villarrica-1610_-768x574.jpg 768w, https:\/\/snj.gov.py\/2023\/wp-content\/uploads\/2023\/08\/snj-habilita-la-canchita-de-la-gente-en-coronel-oviedo-y-villarrica-1610_-1536x1147.jpg 1536w, https:\/\/snj.gov.py\/2023\/wp-content\/uploads\/2023\/08\/snj-habilita-la-canchita-de-la-gente-en-coronel-oviedo-y-villarrica-1610_.jpg 1600w\" sizes=\"(max-width: 300px) 100vw, 300px\" \/> <img decoding=\"async\" class=\"alignnone size-medium wp-image-1540\" src=\"https:\/\/snj.gov.py\/2023\/wp-content\/uploads\/2023\/08\/snj-habilita-la-canchita-de-la-gente-en-coronel-oviedo-y-villarrica-1609_-300x207.jpg\" alt=\"\" width=\"300\" height=\"207\" srcset=\"https:\/\/snj.gov.py\/2023\/wp-content\/uploads\/2023\/08\/snj-habilita-la-canchita-de-la-gente-en-coronel-oviedo-y-villarrica-1609_-300x207.jpg 300w, https:\/\/snj.gov.py\/2023\/wp-content\/uploads\/2023\/08\/snj-habilita-la-canchita-de-la-gente-en-coronel-oviedo-y-villarrica-1609_-768x530.jpg 768w, https:\/\/snj.gov.py\/2023\/wp-content\/uploads\/2023\/08\/snj-habilita-la-canchita-de-la-gente-en-coronel-oviedo-y-villarrica-1609_-1536x1061.jpg 1536w, https:\/\/snj.gov.py\/2023\/wp-content\/uploads\/2023\/08\/snj-habilita-la-canchita-de-la-gente-en-coronel-oviedo-y-villarrica-1609_.jpg 1600w\" sizes=\"(max-width: 300px) 100vw, 300px\" \/> <img loading=\"lazy\" decoding=\"async\" class=\"alignnone size-medium wp-image-1541\" src=\"https:\/\/snj.gov.py\/2023\/wp-content\/uploads\/2023\/08\/snj-habilita-la-canchita-de-la-gente-en-coronel-oviedo-y-villarrica-1608_-300x200.jpg\" alt=\"\" width=\"300\" height=\"200\" srcset=\"https:\/\/snj.gov.py\/2023\/wp-content\/uploads\/2023\/08\/snj-habilita-la-canchita-de-la-gente-en-coronel-oviedo-y-villarrica-1608_-300x200.jpg 300w, https:\/\/snj.gov.py\/2023\/wp-content\/uploads\/2023\/08\/snj-habilita-la-canchita-de-la-gente-en-coronel-oviedo-y-villarrica-1608_-768x512.jpg 768w, https:\/\/snj.gov.py\/2023\/wp-content\/uploads\/2023\/08\/snj-habilita-la-canchita-de-la-gente-en-coronel-oviedo-y-villarrica-1608_-1536x1023.jpg 1536w, https:\/\/snj.gov.py\/2023\/wp-content\/uploads\/2023\/08\/snj-habilita-la-canchita-de-la-gente-en-coronel-oviedo-y-villarrica-1608_.jpg 1600w\" sizes=\"(max-width: 300px) 100vw, 300px\" \/> <img loading=\"lazy\" decoding=\"async\" class=\"alignnone size-medium wp-image-1542\" src=\"https:\/\/snj.gov.py\/2023\/wp-content\/uploads\/2023\/08\/snj-habilita-la-canchita-de-la-gente-en-coronel-oviedo-y-villarrica-1607_-300x200.jpg\" alt=\"\" width=\"300\" height=\"200\" srcset=\"https:\/\/snj.gov.py\/2023\/wp-content\/uploads\/2023\/08\/snj-habilita-la-canchita-de-la-gente-en-coronel-oviedo-y-villarrica-1607_-300x200.jpg 300w, https:\/\/snj.gov.py\/2023\/wp-content\/uploads\/2023\/08\/snj-habilita-la-canchita-de-la-gente-en-coronel-oviedo-y-villarrica-1607_-768x512.jpg 768w, https:\/\/snj.gov.py\/2023\/wp-content\/uploads\/2023\/08\/snj-habilita-la-canchita-de-la-gente-en-coronel-oviedo-y-villarrica-1607_-1536x1023.jpg 1536w, https:\/\/snj.gov.py\/2023\/wp-content\/uploads\/2023\/08\/snj-habilita-la-canchita-de-la-gente-en-coronel-oviedo-y-villarrica-1607_.jpg 1600w\" sizes=\"(max-width: 300px) 100vw, 300px\" \/> <img loading=\"lazy\" decoding=\"async\" class=\"alignnone size-medium wp-image-1543\" src=\"https:\/\/snj.gov.py\/2023\/wp-content\/uploads\/2023\/08\/snj-habilita-la-canchita-de-la-gente-en-coronel-oviedo-y-villarrica-1615_-300x300.jpg\" alt=\"\" width=\"300\" height=\"300\" srcset=\"https:\/\/snj.gov.py\/2023\/wp-content\/uploads\/2023\/08\/snj-habilita-la-canchita-de-la-gente-en-coronel-oviedo-y-villarrica-1615_-300x300.jpg 300w, https:\/\/snj.gov.py\/2023\/wp-content\/uploads\/2023\/08\/snj-habilita-la-canchita-de-la-gente-en-coronel-oviedo-y-villarrica-1615_-150x150.jpg 150w, https:\/\/snj.gov.py\/2023\/wp-content\/uploads\/2023\/08\/snj-habilita-la-canchita-de-la-gente-en-coronel-oviedo-y-villarrica-1615_-768x768.jpg 768w, https:\/\/snj.gov.py\/2023\/wp-content\/uploads\/2023\/08\/snj-habilita-la-canchita-de-la-gente-en-coronel-oviedo-y-villarrica-1615_.jpg 984w\" sizes=\"(max-width: 300px) 100vw, 300px\" \/> <img loading=\"lazy\" decoding=\"async\" class=\"alignnone size-medium wp-image-1544\" src=\"https:\/\/snj.gov.py\/2023\/wp-content\/uploads\/2023\/08\/snj-habilita-la-canchita-de-la-gente-en-coronel-oviedo-y-villarrica-1614_-300x300.jpg\" alt=\"\" width=\"300\" height=\"300\" srcset=\"https:\/\/snj.gov.py\/2023\/wp-content\/uploads\/2023\/08\/snj-habilita-la-canchita-de-la-gente-en-coronel-oviedo-y-villarrica-1614_-300x300.jpg 300w, https:\/\/snj.gov.py\/2023\/wp-content\/uploads\/2023\/08\/snj-habilita-la-canchita-de-la-gente-en-coronel-oviedo-y-villarrica-1614_-150x150.jpg 150w, https:\/\/snj.gov.py\/2023\/wp-content\/uploads\/2023\/08\/snj-habilita-la-canchita-de-la-gente-en-coronel-oviedo-y-villarrica-1614_-768x768.jpg 768w, https:\/\/snj.gov.py\/2023\/wp-content\/uploads\/2023\/08\/snj-habilita-la-canchita-de-la-gente-en-coronel-oviedo-y-villarrica-1614_-1536x1536.jpg 1536w, https:\/\/snj.gov.py\/2023\/wp-content\/uploads\/2023\/08\/snj-habilita-la-canchita-de-la-gente-en-coronel-oviedo-y-villarrica-1614_.jpg 1599w\" sizes=\"(max-width: 300px) 100vw, 300px\" \/> <img loading=\"lazy\" decoding=\"async\" class=\"alignnone size-medium wp-image-1545\" src=\"https:\/\/snj.gov.py\/2023\/wp-content\/uploads\/2023\/08\/snj-habilita-la-canchita-de-la-gente-en-coronel-oviedo-y-villarrica-1613_-300x300.jpg\" alt=\"\" width=\"300\" height=\"300\" srcset=\"https:\/\/snj.gov.py\/2023\/wp-content\/uploads\/2023\/08\/snj-habilita-la-canchita-de-la-gente-en-coronel-oviedo-y-villarrica-1613_-300x300.jpg 300w, https:\/\/snj.gov.py\/2023\/wp-content\/uploads\/2023\/08\/snj-habilita-la-canchita-de-la-gente-en-coronel-oviedo-y-villarrica-1613_-150x150.jpg 150w, https:\/\/snj.gov.py\/2023\/wp-content\/uploads\/2023\/08\/snj-habilita-la-canchita-de-la-gente-en-coronel-oviedo-y-villarrica-1613_-768x768.jpg 768w, https:\/\/snj.gov.py\/2023\/wp-content\/uploads\/2023\/08\/snj-habilita-la-canchita-de-la-gente-en-coronel-oviedo-y-villarrica-1613_-1536x1536.jpg 1536w, https:\/\/snj.gov.py\/2023\/wp-content\/uploads\/2023\/08\/snj-habilita-la-canchita-de-la-gente-en-coronel-oviedo-y-villarrica-1613_.jpg 1599w\" sizes=\"(max-width: 300px) 100vw, 300px\" \/> <img loading=\"lazy\" decoding=\"async\" class=\"alignnone size-medium wp-image-1546\" src=\"https:\/\/snj.gov.py\/2023\/wp-content\/uploads\/2023\/08\/snj-habilita-la-canchita-de-la-gente-en-coronel-oviedo-y-villarrica-1612_-300x200.jpg\" alt=\"\" width=\"300\" height=\"200\" srcset=\"https:\/\/snj.gov.py\/2023\/wp-content\/uploads\/2023\/08\/snj-habilita-la-canchita-de-la-gente-en-coronel-oviedo-y-villarrica-1612_-300x200.jpg 300w, https:\/\/snj.gov.py\/2023\/wp-content\/uploads\/2023\/08\/snj-habilita-la-canchita-de-la-gente-en-coronel-oviedo-y-villarrica-1612_-768x512.jpg 768w, https:\/\/snj.gov.py\/2023\/wp-content\/uploads\/2023\/08\/snj-habilita-la-canchita-de-la-gente-en-coronel-oviedo-y-villarrica-1612_-1536x1023.jpg 1536w, https:\/\/snj.gov.py\/2023\/wp-content\/uploads\/2023\/08\/snj-habilita-la-canchita-de-la-gente-en-coronel-oviedo-y-villarrica-1612_.jpg 1600w\" sizes=\"(max-width: 300px) 100vw, 300px\" \/><\/p>\n","protected":false},"excerpt":{"rendered":"<p>El ministro de la Secretar\u00eda Nacional de la Juventud (SNJ), Edgar Colm\u00e1n, habilit\u00f3 varias obras en Coronel Oviedo y Villarrica, en el marco del proyecto la \u201cCanchita de la Gente\u201d, orientada a fomentar las actividades deportivas de los j\u00f3venes del pa\u00eds. En un trabajo conjunto con la Secretar\u00eda Nacional de Deportes (SND) y la Gobernaci\u00f3n [&hellip;]<\/p>\n","protected":false},"author":1,"featured_media":1542,"comment_status":"open","ping_status":"open","sticky":false,"template":"","format":"standard","meta":{"footnotes":""},"categories":[1],"tags":[],"class_list":["post-1537","post","type-post","status-publish","format-standard","has-post-thumbnail","hentry","category-sin-categoria"],"_links":{"self":[{"href":"https:\/\/snj.gov.py\/2023\/wp-json\/wp\/v2\/posts\/1537","targetHints":{"allow":["GET"]}}],"collection":[{"href":"https:\/\/snj.gov.py\/2023\/wp-json\/wp\/v2\/posts"}],"about":[{"href":"https:\/\/snj.gov.py\/2023\/wp-json\/wp\/v2\/types\/post"}],"author":[{"embeddable":true,"href":"https:\/\/snj.gov.py\/2023\/wp-json\/wp\/v2\/users\/1"}],"replies":[{"embeddable":true,"href":"https:\/\/snj.gov.py\/2023\/wp-json\/wp\/v2\/comments?post=1537"}],"version-history":[{"count":1,"href":"https:\/\/snj.gov.py\/2023\/wp-json\/wp\/v2\/posts\/1537\/revisions"}],"predecessor-version":[{"id":1547,"href":"https:\/\/snj.gov.py\/2023\/wp-json\/wp\/v2\/posts\/1537\/revisions\/1547"}],"wp:featuredmedia":[{"embeddable":true,"href":"https:\/\/snj.gov.py\/2023\/wp-json\/wp\/v2\/media\/1542"}],"wp:attachment":[{"href":"https:\/\/snj.gov.py\/2023\/wp-json\/wp\/v2\/media?parent=1537"}],"wp:term":[{"taxonomy":"category","embeddable":true,"href":"https:\/\/snj.gov.py\/2023\/wp-json\/wp\/v2\/categories?post=1537"},{"taxonomy":"post_tag","embeddable":true,"href":"https:\/\/snj.gov.py\/2023\/wp-json\/wp\/v2\/tags?post=1537"}],"curies":[{"name":"wp","href":"https:\/\/api.w.org\/{rel}","templated":true}]}}