{"id":1529,"date":"2023-08-11T10:40:26","date_gmt":"2023-08-11T14:40:26","guid":{"rendered":"https:\/\/snj.gov.py\/2023\/?p=1529"},"modified":"2023-08-20T10:55:34","modified_gmt":"2023-08-20T14:55:34","slug":"ministro-colman-acompano-inauguracion-de-mejoras-en-escuela-de-coronel-oviedo","status":"publish","type":"post","link":"https:\/\/snj.gov.py\/2023\/ministro-colman-acompano-inauguracion-de-mejoras-en-escuela-de-coronel-oviedo\/","title":{"rendered":"Ministro Colm\u00e1n acompa\u00f1\u00f3 inauguraci\u00f3n de mejoras en escuela de Coronel Oviedo"},"content":{"rendered":"<p>El ministro de la Juventud Edgar Colm\u00e1n acompa\u00f1\u00f3 al presidente de la Rep\u00fablica, Mario Abdo Ben\u00edtez, en la inauguraci\u00f3n de varias mejoras realizadas en la Esc. y Col. \u201cElisa Alicia Lynch\u201d, de Coronel Oviedo, departamento de Caaguaz\u00fa, que cont\u00f3 con el apoyo de Itaipu Binacional.<\/p>\n<p>En el acto de inauguraci\u00f3n participaron la Primera Dama, Silvana Abdo; el ministro de Educaci\u00f3n y Ciencias, Nicol\u00e1s Z\u00e1rate; el director paraguayo de Itaipu Binacional, Manuel Mar\u00eda C\u00e1ceres; adem\u00e1s de autoridades locales y la comunidad educativa.<\/p>\n<p>La habilitaci\u00f3n de las obras, dotaci\u00f3n de mobiliarios y equipos inform\u00e1ticos, es una apuesta del gobierno nacional por brindar mejores condiciones de aprendizaje de ni\u00f1os y adolescentes de nuestro pa\u00eds. La inversi\u00f3n total supera los 1.100 millones de guaran\u00edes.<\/p>\n<p>\u00a1Segu\u00ed los trabajos y actividades de la SNJ en nuestras redes!<br \/>\n<strong>En g.\u00a0Edgar Colman &#8211; Ministro SNJ<\/strong><br \/>\n&#8211;\u00a0\u00a0\u00a0<br \/>\n&#8211;\u00a0\u00a0\u00a0<br \/>\n&#8211;<\/p>\n<p><strong>SNJ &#8211; Secretar\u00eda Nacional De la Juventud<\/strong><br \/>\n&#8211;<br \/>\n&#8211;<\/p>\n<div class=\"sidebar text-center\">\n<div class=\"widget widget-search\"><img fetchpriority=\"high\" decoding=\"async\" class=\"alignnone size-medium wp-image-1531\" src=\"https:\/\/snj.gov.py\/2023\/wp-content\/uploads\/2023\/08\/ministro-colman-acompano-inauguracion-de-mejoras-en-escuela-de-coronel-oviedo-1580_-300x200.jpg\" alt=\"\" width=\"300\" height=\"200\" srcset=\"https:\/\/snj.gov.py\/2023\/wp-content\/uploads\/2023\/08\/ministro-colman-acompano-inauguracion-de-mejoras-en-escuela-de-coronel-oviedo-1580_-300x200.jpg 300w, https:\/\/snj.gov.py\/2023\/wp-content\/uploads\/2023\/08\/ministro-colman-acompano-inauguracion-de-mejoras-en-escuela-de-coronel-oviedo-1580_-768x512.jpg 768w, https:\/\/snj.gov.py\/2023\/wp-content\/uploads\/2023\/08\/ministro-colman-acompano-inauguracion-de-mejoras-en-escuela-de-coronel-oviedo-1580_.jpg 1024w\" sizes=\"(max-width: 300px) 100vw, 300px\" \/> <img decoding=\"async\" class=\"alignnone size-medium wp-image-1530\" src=\"https:\/\/snj.gov.py\/2023\/wp-content\/uploads\/2023\/08\/ministro-colman-acompano-inauguracion-de-mejoras-en-escuela-de-coronel-oviedo-1579_-300x200.jpg\" alt=\"\" width=\"300\" height=\"200\" srcset=\"https:\/\/snj.gov.py\/2023\/wp-content\/uploads\/2023\/08\/ministro-colman-acompano-inauguracion-de-mejoras-en-escuela-de-coronel-oviedo-1579_-300x200.jpg 300w, https:\/\/snj.gov.py\/2023\/wp-content\/uploads\/2023\/08\/ministro-colman-acompano-inauguracion-de-mejoras-en-escuela-de-coronel-oviedo-1579_-768x512.jpg 768w, https:\/\/snj.gov.py\/2023\/wp-content\/uploads\/2023\/08\/ministro-colman-acompano-inauguracion-de-mejoras-en-escuela-de-coronel-oviedo-1579_.jpg 1024w\" sizes=\"(max-width: 300px) 100vw, 300px\" \/> <img decoding=\"async\" class=\"alignnone size-medium wp-image-1532\" src=\"https:\/\/snj.gov.py\/2023\/wp-content\/uploads\/2023\/08\/ministro-colman-acompano-inauguracion-de-mejoras-en-escuela-de-coronel-oviedo-1581_-300x200.jpg\" alt=\"\" width=\"300\" height=\"200\" srcset=\"https:\/\/snj.gov.py\/2023\/wp-content\/uploads\/2023\/08\/ministro-colman-acompano-inauguracion-de-mejoras-en-escuela-de-coronel-oviedo-1581_-300x200.jpg 300w, https:\/\/snj.gov.py\/2023\/wp-content\/uploads\/2023\/08\/ministro-colman-acompano-inauguracion-de-mejoras-en-escuela-de-coronel-oviedo-1581_-768x512.jpg 768w, https:\/\/snj.gov.py\/2023\/wp-content\/uploads\/2023\/08\/ministro-colman-acompano-inauguracion-de-mejoras-en-escuela-de-coronel-oviedo-1581_.jpg 1024w\" sizes=\"(max-width: 300px) 100vw, 300px\" \/> <img loading=\"lazy\" decoding=\"async\" class=\"alignnone size-medium wp-image-1533\" src=\"https:\/\/snj.gov.py\/2023\/wp-content\/uploads\/2023\/08\/ministro-colman-acompano-inauguracion-de-mejoras-en-escuela-de-coronel-oviedo-1582_-300x200.jpg\" alt=\"\" width=\"300\" height=\"200\" srcset=\"https:\/\/snj.gov.py\/2023\/wp-content\/uploads\/2023\/08\/ministro-colman-acompano-inauguracion-de-mejoras-en-escuela-de-coronel-oviedo-1582_-300x200.jpg 300w, https:\/\/snj.gov.py\/2023\/wp-content\/uploads\/2023\/08\/ministro-colman-acompano-inauguracion-de-mejoras-en-escuela-de-coronel-oviedo-1582_-768x512.jpg 768w, https:\/\/snj.gov.py\/2023\/wp-content\/uploads\/2023\/08\/ministro-colman-acompano-inauguracion-de-mejoras-en-escuela-de-coronel-oviedo-1582_.jpg 1280w\" sizes=\"(max-width: 300px) 100vw, 300px\" \/> <img loading=\"lazy\" decoding=\"async\" class=\"alignnone size-medium wp-image-1534\" src=\"https:\/\/snj.gov.py\/2023\/wp-content\/uploads\/2023\/08\/ministro-colman-acompano-inauguracion-de-mejoras-en-escuela-de-coronel-oviedo-1578_-300x200.jpg\" alt=\"\" width=\"300\" height=\"200\" srcset=\"https:\/\/snj.gov.py\/2023\/wp-content\/uploads\/2023\/08\/ministro-colman-acompano-inauguracion-de-mejoras-en-escuela-de-coronel-oviedo-1578_-300x200.jpg 300w, https:\/\/snj.gov.py\/2023\/wp-content\/uploads\/2023\/08\/ministro-colman-acompano-inauguracion-de-mejoras-en-escuela-de-coronel-oviedo-1578_-768x512.jpg 768w, https:\/\/snj.gov.py\/2023\/wp-content\/uploads\/2023\/08\/ministro-colman-acompano-inauguracion-de-mejoras-en-escuela-de-coronel-oviedo-1578_.jpg 1280w\" sizes=\"(max-width: 300px) 100vw, 300px\" \/> <img loading=\"lazy\" decoding=\"async\" class=\"alignnone size-medium wp-image-1535\" src=\"https:\/\/snj.gov.py\/2023\/wp-content\/uploads\/2023\/08\/ministro-colman-acompano-inauguracion-de-mejoras-en-escuela-de-coronel-oviedo-1577_-300x200.jpg\" alt=\"\" width=\"300\" height=\"200\" srcset=\"https:\/\/snj.gov.py\/2023\/wp-content\/uploads\/2023\/08\/ministro-colman-acompano-inauguracion-de-mejoras-en-escuela-de-coronel-oviedo-1577_-300x200.jpg 300w, https:\/\/snj.gov.py\/2023\/wp-content\/uploads\/2023\/08\/ministro-colman-acompano-inauguracion-de-mejoras-en-escuela-de-coronel-oviedo-1577_-768x512.jpg 768w, https:\/\/snj.gov.py\/2023\/wp-content\/uploads\/2023\/08\/ministro-colman-acompano-inauguracion-de-mejoras-en-escuela-de-coronel-oviedo-1577_.jpg 1280w\" sizes=\"(max-width: 300px) 100vw, 300px\" \/><\/div>\n<\/div>\n","protected":false},"excerpt":{"rendered":"<p>El ministro de la Juventud Edgar Colm\u00e1n acompa\u00f1\u00f3 al presidente de la Rep\u00fablica, Mario Abdo Ben\u00edtez, en la inauguraci\u00f3n de varias mejoras realizadas en la Esc. y Col. \u201cElisa Alicia Lynch\u201d, de Coronel Oviedo, departamento de Caaguaz\u00fa, que cont\u00f3 con el apoyo de Itaipu Binacional. En el acto de inauguraci\u00f3n participaron la Primera Dama, Silvana [&hellip;]<\/p>\n","protected":false},"author":1,"featured_media":1535,"comment_status":"open","ping_status":"open","sticky":false,"template":"","format":"standard","meta":{"footnotes":""},"categories":[1],"tags":[],"class_list":["post-1529","post","type-post","status-publish","format-standard","has-post-thumbnail","hentry","category-sin-categoria"],"_links":{"self":[{"href":"https:\/\/snj.gov.py\/2023\/wp-json\/wp\/v2\/posts\/1529","targetHints":{"allow":["GET"]}}],"collection":[{"href":"https:\/\/snj.gov.py\/2023\/wp-json\/wp\/v2\/posts"}],"about":[{"href":"https:\/\/snj.gov.py\/2023\/wp-json\/wp\/v2\/types\/post"}],"author":[{"embeddable":true,"href":"https:\/\/snj.gov.py\/2023\/wp-json\/wp\/v2\/users\/1"}],"replies":[{"embeddable":true,"href":"https:\/\/snj.gov.py\/2023\/wp-json\/wp\/v2\/comments?post=1529"}],"version-history":[{"count":2,"href":"https:\/\/snj.gov.py\/2023\/wp-json\/wp\/v2\/posts\/1529\/revisions"}],"predecessor-version":[{"id":1573,"href":"https:\/\/snj.gov.py\/2023\/wp-json\/wp\/v2\/posts\/1529\/revisions\/1573"}],"wp:featuredmedia":[{"embeddable":true,"href":"https:\/\/snj.gov.py\/2023\/wp-json\/wp\/v2\/media\/1535"}],"wp:attachment":[{"href":"https:\/\/snj.gov.py\/2023\/wp-json\/wp\/v2\/media?parent=1529"}],"wp:term":[{"taxonomy":"category","embeddable":true,"href":"https:\/\/snj.gov.py\/2023\/wp-json\/wp\/v2\/categories?post=1529"},{"taxonomy":"post_tag","embeddable":true,"href":"https:\/\/snj.gov.py\/2023\/wp-json\/wp\/v2\/tags?post=1529"}],"curies":[{"name":"wp","href":"https:\/\/api.w.org\/{rel}","templated":true}]}}