{"id":1526,"date":"2023-08-01T10:35:17","date_gmt":"2023-08-01T14:35:17","guid":{"rendered":"https:\/\/snj.gov.py\/2023\/?p=1526"},"modified":"2023-08-20T10:55:04","modified_gmt":"2023-08-20T14:55:04","slug":"ministro-colman-participo-de-evaluacion-de-gestion-con-el-presidente-mario-abdo","status":"publish","type":"post","link":"https:\/\/snj.gov.py\/2023\/ministro-colman-participo-de-evaluacion-de-gestion-con-el-presidente-mario-abdo\/","title":{"rendered":"Ministro Colm\u00e1n particip\u00f3 de evaluaci\u00f3n de gesti\u00f3n con el presidente Mario Abdo"},"content":{"rendered":"<p><img fetchpriority=\"high\" decoding=\"async\" class=\"alignnone wp-image-1527\" src=\"https:\/\/snj.gov.py\/2023\/wp-content\/uploads\/2023\/08\/ministro-colman-participo-de-evaluacion-de-gestion-con-el-presidente-mario-abdo-1574_-1-300x200.jpg\" alt=\"\" width=\"1164\" height=\"776\" srcset=\"https:\/\/snj.gov.py\/2023\/wp-content\/uploads\/2023\/08\/ministro-colman-participo-de-evaluacion-de-gestion-con-el-presidente-mario-abdo-1574_-1-300x200.jpg 300w, https:\/\/snj.gov.py\/2023\/wp-content\/uploads\/2023\/08\/ministro-colman-participo-de-evaluacion-de-gestion-con-el-presidente-mario-abdo-1574_-1-768x512.jpg 768w, https:\/\/snj.gov.py\/2023\/wp-content\/uploads\/2023\/08\/ministro-colman-participo-de-evaluacion-de-gestion-con-el-presidente-mario-abdo-1574_-1.jpg 1280w\" sizes=\"(max-width: 1164px) 100vw, 1164px\" \/><\/p>\n<p>El ministro de la Secretar\u00eda Nacional de la Juventud, Edgar Colm\u00e1n, particip\u00f3 de la \u00faltima reuni\u00f3n de trabajo presidida por el mandatario Mario Abdo Ben\u00edtez, con los ministros y secretarios ejecutivos, en Palacio de L\u00f3pez.<\/p>\n<p>Se evaluaron la gesti\u00f3n y los avances obtenidos en los cinco a\u00f1os de gobierno, adem\u00e1s se habl\u00f3 de la coordinaci\u00f3n transparente con las autoridades elegidas que asumir\u00e1n el pr\u00f3ximo 15 de agosto para el proceso de transici\u00f3n.<\/p>\n<p>Este encuentro significa hacer un cierre simb\u00f3lico de las gestiones de cada una de las instituciones gubernamentales, en el per\u00edodo intermedio 2018-2023.<\/p>\n<p>Se realiz\u00f3 una revisi\u00f3n de las gestiones cumplidas, los logros, y los avances en cada uno de los ministerios y secretar\u00edas dependientes del Poder Ejecutivo.<\/p>\n<p>Durante la jornada de trabajo, se destacar\u00e1 \u201cla manera ejemplar\u201d y ordenada que se est\u00e1 llevando a cabo el proceso de transici\u00f3n con las autoridades futuras.<\/p>\n<p>\u00a1Segu\u00ed los trabajos y actividades de la SNJ en nuestras redes!<br \/>\n<strong>En g.\u00a0Edgar Colman &#8211; Ministro SNJ<\/strong><br \/>\n&#8211;\u00a0\u00a0\u00a0<br \/>\n&#8211;\u00a0\u00a0\u00a0<br \/>\n&#8211;<\/p>\n<p><strong>SNJ &#8211; Secretar\u00eda Nacional de la Juventud<\/strong><br \/>\n&#8211;<\/p>\n","protected":false},"excerpt":{"rendered":"<p>El ministro de la Secretar\u00eda Nacional de la Juventud, Edgar Colm\u00e1n, particip\u00f3 de la \u00faltima reuni\u00f3n de trabajo presidida por el mandatario Mario Abdo Ben\u00edtez, con los ministros y secretarios ejecutivos, en Palacio de L\u00f3pez. Se evaluaron la gesti\u00f3n y los avances obtenidos en los cinco a\u00f1os de gobierno, adem\u00e1s se habl\u00f3 de la coordinaci\u00f3n [&hellip;]<\/p>\n","protected":false},"author":1,"featured_media":1527,"comment_status":"open","ping_status":"open","sticky":false,"template":"","format":"standard","meta":{"footnotes":""},"categories":[1],"tags":[],"class_list":["post-1526","post","type-post","status-publish","format-standard","has-post-thumbnail","hentry","category-sin-categoria"],"_links":{"self":[{"href":"https:\/\/snj.gov.py\/2023\/wp-json\/wp\/v2\/posts\/1526","targetHints":{"allow":["GET"]}}],"collection":[{"href":"https:\/\/snj.gov.py\/2023\/wp-json\/wp\/v2\/posts"}],"about":[{"href":"https:\/\/snj.gov.py\/2023\/wp-json\/wp\/v2\/types\/post"}],"author":[{"embeddable":true,"href":"https:\/\/snj.gov.py\/2023\/wp-json\/wp\/v2\/users\/1"}],"replies":[{"embeddable":true,"href":"https:\/\/snj.gov.py\/2023\/wp-json\/wp\/v2\/comments?post=1526"}],"version-history":[{"count":2,"href":"https:\/\/snj.gov.py\/2023\/wp-json\/wp\/v2\/posts\/1526\/revisions"}],"predecessor-version":[{"id":1572,"href":"https:\/\/snj.gov.py\/2023\/wp-json\/wp\/v2\/posts\/1526\/revisions\/1572"}],"wp:featuredmedia":[{"embeddable":true,"href":"https:\/\/snj.gov.py\/2023\/wp-json\/wp\/v2\/media\/1527"}],"wp:attachment":[{"href":"https:\/\/snj.gov.py\/2023\/wp-json\/wp\/v2\/media?parent=1526"}],"wp:term":[{"taxonomy":"category","embeddable":true,"href":"https:\/\/snj.gov.py\/2023\/wp-json\/wp\/v2\/categories?post=1526"},{"taxonomy":"post_tag","embeddable":true,"href":"https:\/\/snj.gov.py\/2023\/wp-json\/wp\/v2\/tags?post=1526"}],"curies":[{"name":"wp","href":"https:\/\/api.w.org\/{rel}","templated":true}]}}